{"id":359952,"date":"2026-09-01T02:21:14","date_gmt":"2026-09-01T02:21:14","guid":{"rendered":"https:\/\/www.europesays.com\/se\/359952\/"},"modified":"2026-09-01T02:21:14","modified_gmt":"2026-09-01T02:21:14","slug":"liberalerna-kampar-for-att-na-sparren-i-linkoping","status":"publish","type":"post","link":"https:\/\/www.europesays.com\/se\/359952\/","title":{"rendered":"Liberalerna k\u00e4mpar f\u00f6r att n\u00e5 sp\u00e4rren i Link\u00f6ping"},"content":{"rendered":"<p>P\u00e5 valnatten f\u00f6r fyra \u00e5r sedan var Liberalerna det parti som backade mest i Link\u00f6ping \u2013 fr\u00e5n nio till strax \u00f6ver fem procent.<\/p>\n<p>Fr\u00e5n att vara Link\u00f6pings femte st\u00f6rsta parti blev L minst \u2013 visserligen slagna med endast 0,1 procentenheter av KD.<\/p>\n<p>Nu, inf\u00f6r valet den 13 september, kan situationen anses vara \u00e4nnu mer anstr\u00e4ngd. I opinionsm\u00e4tningar p\u00e5 riksniv\u00e5 hamnar partiet l\u00e5ngt under riksdagssp\u00e4rren \u2013 senast p\u00e5 mellan 1,9 och 2,3 procent av r\u00f6sterna. N\u00e5got som kan j\u00e4mf\u00f6ras med partiets 4,61 procent i valet 2022.<\/p>\n","protected":false},"excerpt":{"rendered":"P\u00e5 valnatten f\u00f6r fyra \u00e5r sedan var Liberalerna det parti som backade mest i Link\u00f6ping \u2013 fr\u00e5n nio&hellip;\n","protected":false},"author":2,"featured_media":359953,"comment_status":"","ping_status":"","sticky":false,"template":"","format":"standard","meta":{"footnotes":"","_share_on_mastodon":"0"},"categories":[12],"tags":[22,23,26,27,17,21,24,25,28,29,15,16,18,34,31,33,32,30,19,20],"class_list":["post-359952","post","type-post","status-publish","format-standard","has-post-thumbnail","category-sverige","tag-breaking-news","tag-breakingnews","tag-featured-news","tag-featurednews","tag-headlines","tag-huvudnyheter","tag-latest-news","tag-latestnews","tag-main-news","tag-mainnews","tag-news","tag-nyheter","tag-rubriker","tag-se","tag-svenska","tag-sverige","tag-sweden","tag-swedish","tag-top-stories","tag-topstories"],"share_on_mastodon":{"url":"https:\/\/pubeurope.com\/@se\/117193401171420217","error":""},"_links":{"self":[{"href":"https:\/\/www.europesays.com\/se\/wp-json\/wp\/v2\/posts\/359952","targetHints":{"allow":["GET"]}}],"collection":[{"href":"https:\/\/www.europesays.com\/se\/wp-json\/wp\/v2\/posts"}],"about":[{"href":"https:\/\/www.europesays.com\/se\/wp-json\/wp\/v2\/types\/post"}],"author":[{"embeddable":true,"href":"https:\/\/www.europesays.com\/se\/wp-json\/wp\/v2\/users\/2"}],"replies":[{"embeddable":true,"href":"https:\/\/www.europesays.com\/se\/wp-json\/wp\/v2\/comments?post=359952"}],"version-history":[{"count":0,"href":"https:\/\/www.europesays.com\/se\/wp-json\/wp\/v2\/posts\/359952\/revisions"}],"wp:featuredmedia":[{"embeddable":true,"href":"https:\/\/www.europesays.com\/se\/wp-json\/wp\/v2\/media\/359953"}],"wp:attachment":[{"href":"https:\/\/www.europesays.com\/se\/wp-json\/wp\/v2\/media?parent=359952"}],"wp:term":[{"taxonomy":"category","embeddable":true,"href":"https:\/\/www.europesays.com\/se\/wp-json\/wp\/v2\/categories?post=359952"},{"taxonomy":"post_tag","embeddable":true,"href":"https:\/\/www.europesays.com\/se\/wp-json\/wp\/v2\/tags?post=359952"}],"curies":[{"name":"wp","href":"https:\/\/api.w.org\/{rel}","templated":true}]}}