{"id":359956,"date":"2026-09-01T02:29:14","date_gmt":"2026-09-01T02:29:14","guid":{"rendered":"https:\/\/www.europesays.com\/se\/359956\/"},"modified":"2026-09-01T02:29:14","modified_gmt":"2026-09-01T02:29:14","slug":"kop-av-storre-fregatter-klart-breddar-formagan-vasterbottens-kuriren","status":"publish","type":"post","link":"https:\/\/www.europesays.com\/se\/359956\/","title":{"rendered":"K\u00f6p av st\u00f6rre fregatter klart: \u201dBreddar f\u00f6rm\u00e5gan\u201d &#8211; V\u00e4sterbottens-Kuriren"},"content":{"rendered":"<ol>\n<li><a href=\"https:\/\/news.google.com\/rss\/articles\/CBMiiAFBVV95cUxPbTNBNThoWUtRWlBzUUFuZTBzcFZ4VmZxVUxBOFpDb2xpVXh6UG85c2xsWW9HV01nRl9YWkhrRGpvZS01NnV3T3IwOC1YbnNQTml0TnczZ1p5czVYMkV1bDlyVDctQng3dGttakRsNlpqeTVpY1UxZFN1Q3lwNmZoaFJnRG94WVZC?oc=5\" target=\"_blank\" rel=\"nofollow noopener\">K\u00f6p av st\u00f6rre fregatter klart: \u201dBreddar f\u00f6rm\u00e5gan\u201d<\/a>&nbsp;&nbsp;V\u00e4sterbottens-Kuriren<\/li>\n<li><a href=\"https:\/\/news.google.com\/rss\/articles\/CBMigAFBVV95cUxPbFJVZXNDamd6S19ueU1mS204Yy1hMEZKanZLR3J6Vm9KVFBJRjJpM01fdHozdFBKMDI4RG5NcTBJLV9UX2czazd4dkxpcU5Td3BNVnktdGVxOWZNRUxTWDE4cTczcGJUSTBtMlZNbkNVU2w1LTNOWTZaSTFhU2VUQw?oc=5\" target=\"_blank\" rel=\"nofollow noopener\">Macron p\u00e5 bes\u00f6k \u2013 historiskt f\u00f6rsvarsavtal p\u00e5skrivet<\/a>&nbsp;&nbsp;Aftonbladet<\/li>\n<li><a href=\"https:\/\/news.google.com\/rss\/articles\/CBMihwFBVV95cUxOZXRDSHZqZlEycjZJa3ZDeWhjWVM4OHd2Y2NpSzBtWVFzMHQ4MFhnX1NvVmhGTmtKd1NydXM2NXlreGh2Y2Z1Q2lSakJDX1VWWkt4R0pPNzhOTm96Q242b0lpS0NQZE5PM2ZuRjBmSV9hbGxaRVByOHlBNVpCXzloMk93cDFlOFU?oc=5\" target=\"_blank\" rel=\"nofollow noopener\">LINDA JERNECK: Peter Hultqvist g\u00f6r bort sig igen<\/a>&nbsp;&nbsp;Expressen<\/li>\n<li><a href=\"https:\/\/news.google.com\/rss\/articles\/CBMisgFBVV95cUxNbjItQUJrMmx1RlJBWWpNdHhFZXkxVk1UU2RxWUROZEs3LVFWaVJEYVJKLXluTVpRdHlpNEUwNXZhc2hZbnA2bTlLR0RZNWxVWG41OEhIUFA2SHE0YXVpSzU4QWN1U1pTdTV5U0xvUnpKLVpYdHc4a3Jmd0dRQVQ2N1F0UE9ZOXoyS2l5b2hWdkdRVDhHLV9vZW0tcFBqRWZNUjlQRGFsc3ZxWVNMOUlmVC1B?oc=5\" target=\"_blank\" rel=\"nofollow noopener\">Tomas Augustsson: Politiska allianser styr f\u00f6rsvarsaff\u00e4rer<\/a>&nbsp;&nbsp;Svenska Dagbladet<\/li>\n<li><a href=\"https:\/\/news.google.com\/rss\/articles\/CBMingFBVV95cUxNM2dkdGpqRW1jdmh6cENRZTJUTGpWdWhnZ2Q1MFotMEpnUXdOVXlTNER6dHc1S0c3RWxTSS1PVzd6Zlpkd2cxS1piTkJaWklDU0o3ZDVNeXRodGY2NWNtVFNpNG5Jck53dFUwWDNPRWg0aXl0Z0dva3Z4amVqdTRiRUxMZmgyTjJ1cG01bV9IQlZaWmcxNHpQUDlCbVdpQQ?oc=5\" target=\"_blank\" rel=\"nofollow noopener\">FMV tecknar kontrakt om fyra nya fregatter<\/a>&nbsp;&nbsp;FMV.se<\/li>\n<\/ol>\n","protected":false},"excerpt":{"rendered":"K\u00f6p av st\u00f6rre fregatter klart: \u201dBreddar f\u00f6rm\u00e5gan\u201d&nbsp;&nbsp;V\u00e4sterbottens-Kuriren Macron p\u00e5 bes\u00f6k \u2013 historiskt f\u00f6rsvarsavtal p\u00e5skrivet&nbsp;&nbsp;Aftonbladet LINDA JERNECK: Peter Hultqvist&hellip;\n","protected":false},"author":2,"featured_media":359957,"comment_status":"","ping_status":"","sticky":false,"template":"","format":"standard","meta":{"footnotes":"","_share_on_mastodon":"0"},"categories":[12],"tags":[22,23,26,27,17,21,24,25,28,29,15,16,18,34,31,33,32,30,19,20],"class_list":["post-359956","post","type-post","status-publish","format-standard","has-post-thumbnail","category-sverige","tag-breaking-news","tag-breakingnews","tag-featured-news","tag-featurednews","tag-headlines","tag-huvudnyheter","tag-latest-news","tag-latestnews","tag-main-news","tag-mainnews","tag-news","tag-nyheter","tag-rubriker","tag-se","tag-svenska","tag-sverige","tag-sweden","tag-swedish","tag-top-stories","tag-topstories"],"share_on_mastodon":{"url":"https:\/\/pubeurope.com\/@se\/117193432383433831","error":""},"_links":{"self":[{"href":"https:\/\/www.europesays.com\/se\/wp-json\/wp\/v2\/posts\/359956","targetHints":{"allow":["GET"]}}],"collection":[{"href":"https:\/\/www.europesays.com\/se\/wp-json\/wp\/v2\/posts"}],"about":[{"href":"https:\/\/www.europesays.com\/se\/wp-json\/wp\/v2\/types\/post"}],"author":[{"embeddable":true,"href":"https:\/\/www.europesays.com\/se\/wp-json\/wp\/v2\/users\/2"}],"replies":[{"embeddable":true,"href":"https:\/\/www.europesays.com\/se\/wp-json\/wp\/v2\/comments?post=359956"}],"version-history":[{"count":0,"href":"https:\/\/www.europesays.com\/se\/wp-json\/wp\/v2\/posts\/359956\/revisions"}],"wp:featuredmedia":[{"embeddable":true,"href":"https:\/\/www.europesays.com\/se\/wp-json\/wp\/v2\/media\/359957"}],"wp:attachment":[{"href":"https:\/\/www.europesays.com\/se\/wp-json\/wp\/v2\/media?parent=359956"}],"wp:term":[{"taxonomy":"category","embeddable":true,"href":"https:\/\/www.europesays.com\/se\/wp-json\/wp\/v2\/categories?post=359956"},{"taxonomy":"post_tag","embeddable":true,"href":"https:\/\/www.europesays.com\/se\/wp-json\/wp\/v2\/tags?post=359956"}],"curies":[{"name":"wp","href":"https:\/\/api.w.org\/{rel}","templated":true}]}}