{"id":359960,"date":"2026-09-01T02:37:28","date_gmt":"2026-09-01T02:37:28","guid":{"rendered":"https:\/\/www.europesays.com\/se\/359960\/"},"modified":"2026-09-01T02:37:28","modified_gmt":"2026-09-01T02:37:28","slug":"norska-radet-om-regionerna-sakra-den-politiska-styrningen-altinget-se","status":"publish","type":"post","link":"https:\/\/www.europesays.com\/se\/359960\/","title":{"rendered":"Norska r\u00e5det om regionerna: S\u00e4kra den politiska styrningen &#8211; Altinget.se"},"content":{"rendered":"<ol>\n<li><a href=\"https:\/\/news.google.com\/rss\/articles\/CBMilAFBVV95cUxOY2JWelNEYlJsZDdqTVBxdFRLWnRKei1jWUxacXI1ZFpjX3l3X2dhdFNNazJkOWUwQThiSXVpRzZJbmhwZzhmVlh4QlNrbWtyRGFnNndvUjZGQUtlcVBtbGRYaWRBUFZGZFk4Qmd3dVY3NUFJNDAxajdNVkE5cFVKOWluN1FwTlhNalZpR2lrVGlSV2lJ?oc=5\" target=\"_blank\" rel=\"nofollow noopener\">Norska r\u00e5det om regionerna: S\u00e4kra den politiska styrningen<\/a>&nbsp;&nbsp;Altinget.se<\/li>\n<li><a href=\"https:\/\/news.google.com\/rss\/articles\/CBMijgFBVV95cUxQNV9qajczaTVQVE9BWWxiLWVaWk9RMlEzdlRnQUJuUXBSU3p4WEFNVVdtTkRnR2FTZEhTem5paTlkVVNyaUk4SVlxVkJsc3A5SU42dGVwR09YeEg3ckNUX1NPcjJZNkF2TERMNkNFVFhPajJtZkhweFZKakJtbzB3UnF3aFVWY2psVVg1SHl3?oc=5\" target=\"_blank\" rel=\"nofollow noopener\">DEBATT: L\u00f6nen \u00e4r v\u00e5rdens svaga punkt<\/a>&nbsp;&nbsp;J\u00f6nk\u00f6pings-Posten<\/li>\n<li><a href=\"https:\/\/news.google.com\/rss\/articles\/CBMipAFBVV95cUxNeE9lWS1ab3hPczRXT2tSVUdVVkFzV1VxeHVmTFo5UndndDR0QkdsRmt6MWFQaE50X2tCYkh2WGJ3bkhIYlgyT25nNG5kNFVSZTVMNW5LSWhrMlBxVjZsMmNJeGc4R1VhYWsyeVQ0cHNubnVxTm04dF90YkdILWxZZ1JLeWpUQTdac3Blc0ZOaHBuWWw4QVZ1Q1d3VVVFQTRSWXFrYQ?oc=5\" target=\"_blank\" rel=\"nofollow noopener\">DEBATT: Om KD f\u00e5r styra v\u00e5rden \u00e4r det hejd\u00e5 till sjukhuset i Norrt\u00e4lje<\/a>&nbsp;&nbsp;Norrtelje Tidning<\/li>\n<li><a href=\"https:\/\/news.google.com\/rss\/articles\/CBMihAFBVV95cUxNTUZ0Wkk2c1dxZWtDNzJCbUF0SElzQ0NsdndRakI3d2J0UlQxM3RlY2lCNkV4M2xtaW9ZZ1YzekNnSnVIVVZPRTlvWEhGdlJXX1NwRUd4TnB0NW56cXhHbHEyTmZ5ZUljY3BmLVBDYWRpaFhMOWRCLUNqeThtRDl2dFh2aUY?oc=5\" target=\"_blank\" rel=\"nofollow noopener\">DEBATT: Ett f\u00f6rstatligande riskerar att kasta v\u00e5rden i kaos<\/a>&nbsp;&nbsp;Sm\u00e5landsposten<\/li>\n<li><a href=\"https:\/\/news.google.com\/rss\/articles\/CBMingFBVV95cUxPejJjak5iWkMxVlQwX2x1NHJlSTBNa1htZTJVMTAyQjRJdVpCczI4eUtYb01rVmF6SzB4djFqX0J5YXBMNnp3MGN4d0lNWjBMVmdFSlVFVEVSV2VFRFkwNl9NY2xQcVdIVVphcUp4SUNXcm9YTV9kaHRnb3BJa0ptbXVCU2YxTXIzNWQzeFkyTXFCOXZuRU13QWZpcmxtUQ?oc=5\" target=\"_blank\" rel=\"nofollow noopener\">21 anledningar att avskaffa regionerna<\/a>&nbsp;&nbsp;Kristdemokraterna<\/li>\n<\/ol>\n","protected":false},"excerpt":{"rendered":"Norska r\u00e5det om regionerna: S\u00e4kra den politiska styrningen&nbsp;&nbsp;Altinget.se DEBATT: L\u00f6nen \u00e4r v\u00e5rdens svaga punkt&nbsp;&nbsp;J\u00f6nk\u00f6pings-Posten DEBATT: Om KD f\u00e5r&hellip;\n","protected":false},"author":2,"featured_media":359961,"comment_status":"","ping_status":"","sticky":false,"template":"","format":"standard","meta":{"footnotes":"","_share_on_mastodon":"0"},"categories":[12],"tags":[22,23,26,27,17,21,24,25,28,29,15,16,18,34,31,33,32,30,19,20],"class_list":["post-359960","post","type-post","status-publish","format-standard","has-post-thumbnail","category-sverige","tag-breaking-news","tag-breakingnews","tag-featured-news","tag-featurednews","tag-headlines","tag-huvudnyheter","tag-latest-news","tag-latestnews","tag-main-news","tag-mainnews","tag-news","tag-nyheter","tag-rubriker","tag-se","tag-svenska","tag-sverige","tag-sweden","tag-swedish","tag-top-stories","tag-topstories"],"share_on_mastodon":{"url":"https:\/\/pubeurope.com\/@se\/117193463868818161","error":""},"_links":{"self":[{"href":"https:\/\/www.europesays.com\/se\/wp-json\/wp\/v2\/posts\/359960","targetHints":{"allow":["GET"]}}],"collection":[{"href":"https:\/\/www.europesays.com\/se\/wp-json\/wp\/v2\/posts"}],"about":[{"href":"https:\/\/www.europesays.com\/se\/wp-json\/wp\/v2\/types\/post"}],"author":[{"embeddable":true,"href":"https:\/\/www.europesays.com\/se\/wp-json\/wp\/v2\/users\/2"}],"replies":[{"embeddable":true,"href":"https:\/\/www.europesays.com\/se\/wp-json\/wp\/v2\/comments?post=359960"}],"version-history":[{"count":0,"href":"https:\/\/www.europesays.com\/se\/wp-json\/wp\/v2\/posts\/359960\/revisions"}],"wp:featuredmedia":[{"embeddable":true,"href":"https:\/\/www.europesays.com\/se\/wp-json\/wp\/v2\/media\/359961"}],"wp:attachment":[{"href":"https:\/\/www.europesays.com\/se\/wp-json\/wp\/v2\/media?parent=359960"}],"wp:term":[{"taxonomy":"category","embeddable":true,"href":"https:\/\/www.europesays.com\/se\/wp-json\/wp\/v2\/categories?post=359960"},{"taxonomy":"post_tag","embeddable":true,"href":"https:\/\/www.europesays.com\/se\/wp-json\/wp\/v2\/tags?post=359960"}],"curies":[{"name":"wp","href":"https:\/\/api.w.org\/{rel}","templated":true}]}}