{"id":359970,"date":"2026-09-01T03:01:32","date_gmt":"2026-09-01T03:01:32","guid":{"rendered":"https:\/\/www.europesays.com\/se\/359970\/"},"modified":"2026-09-01T03:01:32","modified_gmt":"2026-09-01T03:01:32","slug":"volvo-cars-stanger-kontoret-i-stockholm-450-berors-ett-mycket-tufft-besked","status":"publish","type":"post","link":"https:\/\/www.europesays.com\/se\/359970\/","title":{"rendered":"Volvo Cars st\u00e4nger kontoret i Stockholm \u2013 450 ber\u00f6rs \u2022 \u201dEtt mycket tufft besked\u201d"},"content":{"rendered":"<p class=\"kicker \" style=\"\">FORDON<\/p>\n<p>        Volvo Cars\n    <\/p>\n<p class=\"subtitle \" style=\"\">Mjukvara, AI och digitala kundupplevelser har byggts upp i Stockholm. Nu st\u00e4nger Volvo Cars kontoret.<\/p>\n<p>Kontoret kommer att st\u00e4ngas den 1 mars 2027. I dag jobbar cirka 450 personer i Stockholm.<\/p>\n<p>Merparten av dem kommer att erbjudas anst\u00e4llning i G\u00f6teborg i st\u00e4llet, s\u00e4ger Volvo Cars presschef Magnus Holst till TT.<\/p>\n<p>Hur m\u00e5nga av dem?<\/p>\n<p>\u2013 Det \u00e4r f\u00f6r tidigt att s\u00e4ga, men det \u00e4r den absoluta merparten, s\u00e4ger han.<\/p>\n<p>Inget distansarbete<\/p>\n<p>Man kommer inte att kunna tacka ja till erbjudanden men jobba kvar i huvudstaden p\u00e5 distans.<\/p>\n<p>\u2013 Nej, det handlar om att flytta till G\u00f6teborg, s\u00e5 \u00e4r det ju.<\/p>\n<p>Stockholmskontoret etablerades f\u00f6r att f\u00e5 \u201dtillg\u00e5ng till viktig kompetens och st\u00e4rka viktiga f\u00f6rm\u00e5gor\u201d, skriver f\u00f6retaget.<\/p>\n<p>\u201dSedan dess har kontoret spelat en viktig roll i att bygga upp expertis inom omr\u00e5den som mjukvaruutveckling, artificiell intelligens och digitala kundupplevelser. Kontoret har fyllt en viktig funktion och de kompetenser som byggts upp d\u00e4r \u00e4r fortsatt betydelsefulla f\u00f6r f\u00f6retaget\u201d, skriver Volvo Cars i pressmeddelandet.<\/p>\n<p>Omst\u00e4llningen kommer att genomf\u00f6ras successivt fram till att kontoret st\u00e4ngs i mars n\u00e4sta \u00e5r.<\/p>\n<p>\u2013 Vi jobbar ju tillsammans med fackf\u00f6reningar. Det finns rutiner f\u00f6r s\u00e5dana h\u00e4r saker och vi informerar medarbetare l\u00f6pande under processen som p\u00e5g\u00e5r nu, s\u00e4ger Holst.<\/p>\n<p>Facket: Ensidigt beslut<\/p>\n<p> Akademikerf\u00f6reningen har drygt 120 medlemmar i Stockholm och 3 600 totalt p\u00e5 Volvo Cars 3 600. De flesta tillh\u00f6r Sveriges Ingenj\u00f6rer.<\/p>\n<p>\u2013 Arbetsgivaren har informerat och f\u00f6rhandlat med oss fack om sitt ensidiga beslut. Arbetsr\u00e4ttsligt finns det begr\u00e4nsade m\u00f6jligheter f\u00f6r oss att inv\u00e4nda mot sj\u00e4lva verksamhetsbeslutet, s\u00e4ger Kristina Tullgren fr\u00e5n Sveriges Ingenj\u00f6rer och ordf\u00f6rande f\u00f6r Akademikerna Volvo Cars.<\/p>\n<p>\u2013 Detta \u00e4r ett mycket tufft besked f\u00f6r v\u00e5ra medlemmar i Stockholm. M\u00e5nga \u00e4r mitt i livet med familj, barn, bostad och sociala n\u00e4tverk. Det \u00e4r d\u00e4rf\u00f6r fullt f\u00f6rst\u00e5eligt att m\u00e5nga nu st\u00e4lls inf\u00f6r ett sv\u00e5rt beslut om de vill och har m\u00f6jlighet att flytta till G\u00f6teborg f\u00f6r att forts\u00e4tta sin anst\u00e4llning, s\u00e4ger Kristina Tullgren.<\/p>\n<p>\u2013 V\u00e5ra medlemmar, som best\u00e5r av ingenj\u00f6rer och andra akademiker, har en mycket h\u00f6g kompetens och \u00e4r attraktiva p\u00e5 arbetsmarknaden. Vi hoppas att s\u00e5 m\u00e5nga som m\u00f6jligt v\u00e4ljer att stanna kvar inom Volvo Cars, eftersom deras kunskap, erfarenhet och kompetens \u00e4r av stor betydelse f\u00f6r verksamheten och f\u00f6retagets framtida utveckling och resultat.<\/p>\n<p>\u2013 F\u00f6rhandlingarna med f\u00f6retaget kommer nu att forts\u00e4tta. V\u00e5rt fokus \u00e4r att s\u00e4kerst\u00e4lla att v\u00e5ra medlemmar f\u00e5r tydlig information och det st\u00f6d de beh\u00f6ver i den situation som uppst\u00e5tt. Vi kommer att g\u00f6ra allt vi kan f\u00f6r att st\u00f6tta och f\u00f6retr\u00e4da v\u00e5ra medlemmar genom hela processen. Tillsammans med Sveriges Ingenj\u00f6rer centralt har vi i lokala facket en plan f\u00f6r den fortsatta medlemskommunikationen och informationen, s\u00e4ger Kristina Tullgren.<\/p>\n","protected":false},"excerpt":{"rendered":"FORDON Volvo Cars Mjukvara, AI och digitala kundupplevelser har byggts upp i Stockholm. Nu st\u00e4nger Volvo Cars kontoret.&hellip;\n","protected":false},"author":2,"featured_media":359971,"comment_status":"","ping_status":"","sticky":false,"template":"","format":"standard","meta":{"footnotes":"","_share_on_mastodon":"0"},"categories":[5],"tags":[22,23,26,27,17,21,24,25,28,29,15,16,18,34,31,33,32,30,19,20],"class_list":["post-359970","post","type-post","status-publish","format-standard","has-post-thumbnail","category-rubriker","tag-breaking-news","tag-breakingnews","tag-featured-news","tag-featurednews","tag-headlines","tag-huvudnyheter","tag-latest-news","tag-latestnews","tag-main-news","tag-mainnews","tag-news","tag-nyheter","tag-rubriker","tag-se","tag-svenska","tag-sverige","tag-sweden","tag-swedish","tag-top-stories","tag-topstories"],"share_on_mastodon":{"url":"https:\/\/pubeurope.com\/@se\/117193558330950473","error":""},"_links":{"self":[{"href":"https:\/\/www.europesays.com\/se\/wp-json\/wp\/v2\/posts\/359970","targetHints":{"allow":["GET"]}}],"collection":[{"href":"https:\/\/www.europesays.com\/se\/wp-json\/wp\/v2\/posts"}],"about":[{"href":"https:\/\/www.europesays.com\/se\/wp-json\/wp\/v2\/types\/post"}],"author":[{"embeddable":true,"href":"https:\/\/www.europesays.com\/se\/wp-json\/wp\/v2\/users\/2"}],"replies":[{"embeddable":true,"href":"https:\/\/www.europesays.com\/se\/wp-json\/wp\/v2\/comments?post=359970"}],"version-history":[{"count":0,"href":"https:\/\/www.europesays.com\/se\/wp-json\/wp\/v2\/posts\/359970\/revisions"}],"wp:featuredmedia":[{"embeddable":true,"href":"https:\/\/www.europesays.com\/se\/wp-json\/wp\/v2\/media\/359971"}],"wp:attachment":[{"href":"https:\/\/www.europesays.com\/se\/wp-json\/wp\/v2\/media?parent=359970"}],"wp:term":[{"taxonomy":"category","embeddable":true,"href":"https:\/\/www.europesays.com\/se\/wp-json\/wp\/v2\/categories?post=359970"},{"taxonomy":"post_tag","embeddable":true,"href":"https:\/\/www.europesays.com\/se\/wp-json\/wp\/v2\/tags?post=359970"}],"curies":[{"name":"wp","href":"https:\/\/api.w.org\/{rel}","templated":true}]}}