{"id":359972,"date":"2026-09-01T03:11:16","date_gmt":"2026-09-01T03:11:16","guid":{"rendered":"https:\/\/www.europesays.com\/se\/359972\/"},"modified":"2026-09-01T03:11:16","modified_gmt":"2026-09-01T03:11:16","slug":"sverige-till-em-kvartsfinal-efter-maktig-3-0-seger-mot-tjeckien-svensk-volleyboll","status":"publish","type":"post","link":"https:\/\/www.europesays.com\/se\/359972\/","title":{"rendered":"Sverige till EM-kvartsfinal efter m\u00e4ktig 3\u20130-seger mot Tjeckien &#8211; Svensk volleyboll"},"content":{"rendered":"<ol>\n<li><a href=\"https:\/\/news.google.com\/rss\/articles\/CBMiyAFBVV95cUxNdi1TTDNBWVBBenp1YVdYUTNXUmRHa0NPblM2TUo5T0tvYnBEOGx5MTRveDVpak1KMEQza2pZVGxQOUlaRms2Sl9LZmVUazJxMWt6WENOTmcwNlB2XzVnRkpKWU4zazdCdEVwaHh1N1NleTd1U3R0N2hrSjJSWWU5WnJYUkN2QmoxSmMtSUx0YjR4REdzR3VMSjRvTmpwOXFNdzNkRVdwUDB0ZFlTNUNYVWxFekh2S3lGT2c5cXJ1WGpER1lZWUVUTg?oc=5\" target=\"_blank\" rel=\"nofollow noopener\">Sverige till EM-kvartsfinal efter m\u00e4ktig 3\u20130-seger mot Tjeckien<\/a>&nbsp;&nbsp;Svensk volleyboll<\/li>\n<li><a href=\"https:\/\/news.google.com\/rss\/articles\/CBMiqwFBVV95cUxOMlpqcXVLeXdlaDhYN1RiY1A3MmI2Wk1JRXQ1LUhaNlJXZUEyQXgxbHpPN3N2amJqdGxEQm96YTJJNFZHblpQSmJSMDZ4TjEwd1Y1cE1taDIxVzUtbWVlaTFRZ0RyajlRSHl5ejNQY1ZaYV9uZVljQU96TUg0M2dnZDFfRERhTWRtWEpYWXVwMk8yekl4RG1PbFZaczdudEZVVEpwZ0RLd3NsQTA?oc=5\" target=\"_blank\" rel=\"nofollow noopener\">Svensk j\u00e4ttesucc\u00e9 \u2013 till EM-kvartsfinal<\/a>&nbsp;&nbsp;Aftonbladet<\/li>\n<li><a href=\"https:\/\/news.google.com\/rss\/articles\/CBMikAFBVV95cUxPYndPUWNyT0JTVzRfbzFJNktPV3libnN4M3RGNWdlRjlnd1FmTlRfOEd4T1BGY090VE03aHdhTE1vMW1BT09hYldQZlQ5b1YtUVE2eXNuS1cybTRlZFNFenYtaWZXWGx0cl9Kd3A0czZuamo0d19MZ0VzLTdlck1yNkt0TjlHaHR1NW1ybVRnVVo?oc=5\" target=\"_blank\" rel=\"nofollow noopener\">Sverige klart f\u00f6r kvartsfinal i EM \u2013 m\u00f6ter v\u00e4rldsm\u00e4staren<\/a>&nbsp;&nbsp;Expressen<\/li>\n<li><a href=\"https:\/\/news.google.com\/rss\/articles\/CBMimgFBVV95cUxNMFZJSFhpOWdsNVcxNVFoZDZmNXlibmFxcS0wZUJZRDVjTm44VXk2aEpXQzBuVmxuVjFkZnkxZ0VHcEFhRlVWdXNNdjEwcG5CVHpITTByNVJIX01FQnhSRnN1THdGekRIOFVlQTFoUVdGNkVMRlpZWllrNm9tT1ZWQm9KckZ0aHhPaWtvWjlmbXhuYXpJWFhEQTJ3?oc=5\" target=\"_blank\" rel=\"nofollow noopener\">Experten efter nya segern: \u201dVi ska aldrig tvivla p\u00e5 Sverige\u201d<\/a>&nbsp;&nbsp;Sveriges Radio<\/li>\n<li><a href=\"https:\/\/news.google.com\/rss\/articles\/CBMisgFBVV95cUxPWXp2MTdMTVB6bG1BbjR1NE1JYjdFRmdnS2VZNm5MYzdLNTFvWV9VbUw0ZEhzTnhzLUJpTGZRcFBmY1FwclV2UFQ3OGtmQXFKdTBMWWVxZHFiY3NRR2N4T0xSR1VYOUlBRVBSaVNKT251YVBMY2RGU0FxZmk2T3hWMHVRcXdodWJfVWhwWlA0eFB4NzhMRnExSGJZOFVyR1N3dGtPb3MwUzB5dkxvcFNhSUpR?oc=5\" target=\"_blank\" rel=\"nofollow noopener\">Svenska skr\u00e4llen \u2013 Skelleftedottern vidare i volleyboll-EM<\/a>&nbsp;&nbsp;Norran<\/li>\n<\/ol>\n","protected":false},"excerpt":{"rendered":"Sverige till EM-kvartsfinal efter m\u00e4ktig 3\u20130-seger mot Tjeckien&nbsp;&nbsp;Svensk volleyboll Svensk j\u00e4ttesucc\u00e9 \u2013 till EM-kvartsfinal&nbsp;&nbsp;Aftonbladet Sverige klart f\u00f6r kvartsfinal&hellip;\n","protected":false},"author":2,"featured_media":359973,"comment_status":"","ping_status":"","sticky":false,"template":"","format":"standard","meta":{"footnotes":"","_share_on_mastodon":"0"},"categories":[5],"tags":[22,23,26,27,17,21,24,25,28,29,15,16,18,34,31,33,32,30,19,20],"class_list":["post-359972","post","type-post","status-publish","format-standard","has-post-thumbnail","category-rubriker","tag-breaking-news","tag-breakingnews","tag-featured-news","tag-featurednews","tag-headlines","tag-huvudnyheter","tag-latest-news","tag-latestnews","tag-main-news","tag-mainnews","tag-news","tag-nyheter","tag-rubriker","tag-se","tag-svenska","tag-sverige","tag-sweden","tag-swedish","tag-top-stories","tag-topstories"],"share_on_mastodon":{"url":"https:\/\/pubeurope.com\/@se\/117193597648457818","error":""},"_links":{"self":[{"href":"https:\/\/www.europesays.com\/se\/wp-json\/wp\/v2\/posts\/359972","targetHints":{"allow":["GET"]}}],"collection":[{"href":"https:\/\/www.europesays.com\/se\/wp-json\/wp\/v2\/posts"}],"about":[{"href":"https:\/\/www.europesays.com\/se\/wp-json\/wp\/v2\/types\/post"}],"author":[{"embeddable":true,"href":"https:\/\/www.europesays.com\/se\/wp-json\/wp\/v2\/users\/2"}],"replies":[{"embeddable":true,"href":"https:\/\/www.europesays.com\/se\/wp-json\/wp\/v2\/comments?post=359972"}],"version-history":[{"count":0,"href":"https:\/\/www.europesays.com\/se\/wp-json\/wp\/v2\/posts\/359972\/revisions"}],"wp:featuredmedia":[{"embeddable":true,"href":"https:\/\/www.europesays.com\/se\/wp-json\/wp\/v2\/media\/359973"}],"wp:attachment":[{"href":"https:\/\/www.europesays.com\/se\/wp-json\/wp\/v2\/media?parent=359972"}],"wp:term":[{"taxonomy":"category","embeddable":true,"href":"https:\/\/www.europesays.com\/se\/wp-json\/wp\/v2\/categories?post=359972"},{"taxonomy":"post_tag","embeddable":true,"href":"https:\/\/www.europesays.com\/se\/wp-json\/wp\/v2\/tags?post=359972"}],"curies":[{"name":"wp","href":"https:\/\/api.w.org\/{rel}","templated":true}]}}