{"id":359976,"date":"2026-09-01T03:18:17","date_gmt":"2026-09-01T03:18:17","guid":{"rendered":"https:\/\/www.europesays.com\/se\/359976\/"},"modified":"2026-09-01T03:18:17","modified_gmt":"2026-09-01T03:18:17","slug":"jacke-efter-c-ledarens-karnkraftsutspel-anmarkningsvart-2","status":"publish","type":"post","link":"https:\/\/www.europesays.com\/se\/359976\/","title":{"rendered":"Jacke efter C-ledarens k\u00e4rnkraftsutspel: \u201dAnm\u00e4rkningsv\u00e4rt\u201d"},"content":{"rendered":"<p>\t\t\t\t\t<a href=\"https:\/\/www.tn.se\/karnkraft\/\" rel=\"nofollow noopener\" target=\"_blank\"><br \/>\n\t\t\t\tK\u00c4RNKRAFTENS FRAMTID<br \/>\n\t\t\t<\/a><\/p>\n<p>\t\t\t\t<img decoding=\"async\" class=\"figure-img img-fluid\"  src=\"https:\/\/www.europesays.com\/se\/wp-content\/uploads\/2026\/09\/bilder.tn.se.jpeg\" alt=\"\" itemprop=\"image\"\/><\/p>\n<p>\t\t\t\t\t\t\t\t\tJan-Olof Jacke, vd f\u00f6r Svenskt N\u00e4ringsliv, st\u00e4ller sig fr\u00e5gande till Centerapartiets partiledare Elisabeth Thand Ringqvists utspel om k\u00e4rnkraften. \u201dDet \u00e4r anm\u00e4rkningsv\u00e4rt n\u00e4r partier s\u00e5 tydligt v\u00e4ljer att addera politisk os\u00e4kerhet i en f\u00f6r Sverige s\u00e5 avg\u00f6rande fr\u00e5ga\u201d, s\u00e4ger han.<br \/>\n\t\t\t\t\t\t\t\t\t\t\t\t\tBild:<br \/>\n\t\t\t\t\tSofia Ekstr\u00f6m\/SvD\/TT, \tLars Schr\u00f6der\/TT<\/p>\n<p class=\"ew-preamble\" itemprop=\"description\">Centerpartiet vill pausa utbyggnaden av k\u00e4rnkraft. Beskedet m\u00f6ts av skarp kritik fr\u00e5n Svenskt N\u00e4ringslivs vd Jan-Olof Jacke, som menar att utbyggnaden \u00e4r avg\u00f6rande f\u00f6r att Sverige ska lyckas med b\u00e5de tillv\u00e4xt och klimatomst\u00e4llning. \u201dDet faller ett tungt ansvar p\u00e5 varje parti som aktivt v\u00e4ljer att motarbeta detta\u201d, s\u00e4ger han till TN.<\/p>\n<p>\n\t\tPublicerad:<br \/>\n\t\t31 aug 2026, 15:27\n\t<\/p>\n<p>\n\t\t\tUppdaterad:<br \/>\n\t\t\t31 aug 2026, 15:49\n\t\t<\/p>\n<p class=\"ew-body\">Med en rad ans\u00f6kningar om att f\u00e5 bygga nya reaktorer inl\u00e4mnade och en finansieringsmodell som klubbats i riksdagen har regeringens planer p\u00e5 ny k\u00e4rnkraft tagit stora kliv fram\u00e5t under den g\u00e5ngna mandatperioden.<\/p>\n<p class=\"ew-body\">Men nu vill Centerpartiet att hela projektet s\u00e4tts p\u00e5 paus. Det meddelar partiledaren Elisabeth Thand Ringqvist i en <a href=\"https:\/\/www.gp.se\/politik\/c-ledaren-karnkraftsprojektet-maste-pausas.a22977a8-8735-4ccf-9c84-79814bb156da\" id=\"link-2644d9dbda83476884c00156b995fc4a\" target=\"_blank\" rel=\"nofollow noopener\">intervju<\/a> med G\u00f6teborgs Posten.<\/p>\n<p class=\"ew-body\">\u2013 Det \u00e4r klart att det m\u00e5ste pausas f\u00f6r att vi ska f\u00f6rst\u00e5 om vi lovat bort 800 miljarder eller inte, s\u00e4ger hon till tidningen.<\/p>\n<p>        Kritiken: Skapar os\u00e4kerhet i avg\u00f6rande fr\u00e5ga<\/p>\n<p class=\"ew-body\">Centerpartiet har sedan tidigare <a href=\"https:\/\/www.tn.se\/inrikes\/48246\/centerpartiet-sank-alla-skatter-som-har-med-arbetslivet-att-gora\/\" id=\"link-a59e4b5f7b9079b990a90aa80fccec46\" target=\"_blank\" rel=\"nofollow noopener\">st\u00e4llt sig kritiskt<\/a> till finansieringsmodellen, som inneb\u00e4r att staten g\u00e5r in med b\u00e5de l\u00e5n och garantier till de f\u00f6retag som ska f\u00e5 k\u00e4rnkraften p\u00e5 plats. Men att partiet allts\u00e5 nu vill g\u00e5 s\u00e5 l\u00e5ngt som att pausa utbyggnaden kom som en \u00f6verraskning.<\/p>\n<p class=\"ew-body\">Det menar Svenskt N\u00e4ringslivs vd Jan-Olof Jacke, som tycker att Elisabeth Thand Ringqvists uttalande \u00e4r beklagligt.<\/p>\n<p class=\"ew-body\">\u2013 Det \u00e4r anm\u00e4rkningsv\u00e4rt n\u00e4r partier s\u00e5 tydligt v\u00e4ljer att addera politisk os\u00e4kerhet i en f\u00f6r Sverige s\u00e5 avg\u00f6rande fr\u00e5ga, s\u00e4ger han till TN.<\/p>\n<p class=\"ew-body\">En rad experter menar att utbyggnaden av fossilfri baskraft \u2013 d\u00e4r k\u00e4rnkraft i dagsl\u00e4get ses som det mest realistiska alternativet \u2013 \u00e4r avg\u00f6rande f\u00f6r att Sverige b\u00e5de ska kunna klara tillv\u00e4xten och ligga i framkant inom klimatomst\u00e4llningen. Att bygga ut elsystemet med mer v\u00e4derberoende teknik, som exempelvis den havsbaserade vindkraft som Elisabeth Thand Ringqvist enligt GP-intervjun anser borde f\u00e5 samma st\u00f6d som k\u00e4rnkraften, skulle bara bidra med mer el bl\u00e5siga dagar.<\/p>\n<p>        Orealistiska summor<\/p>\n<p class=\"ew-body\">Dessutom \u00e4r det redan utrett hur mycket k\u00e4rnkraftsprojektet kommer att kosta skattebetalarna och med st\u00f6rsta sannolikhet \u00e4r det inte tal om n\u00e5gra 800 miljarder.<\/p>\n<p class=\"ew-body\">N\u00e4r TN <a href=\"https:\/\/www.tn.se\/inrikes\/48675\/tn-granskar-sa-mycket-kommer-karnkraften-att-kosta-egentligen\/\" id=\"link-b9ecedb4464bfca68e86fbe7e562ab52\" target=\"_blank\" rel=\"nofollow noopener\">granskat alla tillg\u00e4ngliga siffror<\/a> har vi kunnat visa att man bara kommer upp i den summan \u2013 eller de 1000 miljarder som MP <a href=\"https:\/\/www.tn.se\/inrikes\/48675\/tn-granskar-sa-mycket-kommer-karnkraften-att-kosta-egentligen\/\" id=\"link-f1da3af35d4d7be9ecd478d0c28052d7\" target=\"_blank\" rel=\"nofollow noopener\">r\u00e4knat ihop kostnaden till<\/a> \u2013 om man sl\u00e5r ihop sj\u00e4lva kostnaden med allt fr\u00e5n l\u00e5n som ska betalas tillbaka till investeringar som i sj\u00e4lva verket kan resultera i att staten f\u00e5r ta del av vinstutdelning.<\/p>\n<p class=\"ew-body\">Enligt Samuel Estenlund, postdoktor vid avdelningen f\u00f6r industriell elektroteknik och automation vid Lunds tekniska h\u00f6gskola, \u00e4r det betydligt mer sannolikt att kostnaden f\u00f6r ny k\u00e4rnkraft landar p\u00e5 ett n\u00e5gra hundra miljarder utspritt \u00f6ver flertalet decennier. Att prislappen skulle vara i n\u00e4rheten av de summor som Centerpartiet och Milj\u00f6partiet varnar f\u00f6r, ser han som <a href=\"https:\/\/www.tn.se\/inrikes\/48842\/forskaren-sagar-mps-karnkraftskalkyl-forstar-inte-riktigt-hur-de-tanker\/\" id=\"link-5a2689e0d2dd82f722ef0723a88136a3\" target=\"_blank\" rel=\"nofollow noopener\">helt uteslutet<\/a>.<\/p>\n<p>        Varningen: Kostar \u00e4ven att inte investera<\/p>\n<p class=\"ew-body\">Dessutom \u00e4r det \u00e4ven f\u00f6rknippat med en risk och en kostnad att avvakta med att investera i elsystemet, menar Samuel Estenlund.<\/p>\n<p class=\"ew-body\">\u00c4ven Jan-Olof Jacke p\u00e5 Svenskt N\u00e4ringsliv trycker p\u00e5 vikten av att inte tappa tempo i k\u00e4rnkraftsutbyggnaden, som han p\u00e5pekar \u00e4r avg\u00f6rande f\u00f6r n\u00e4ringslivet och tillv\u00e4xten.<\/p>\n<p class=\"ew-body\">\u2013 Ska vi klara elektrifieringen och forts\u00e4tta vara ett land i framkant, \u00f6ka v\u00e5r tillv\u00e4xt och m\u00f6ta klimatomst\u00e4llningen s\u00e5 beh\u00f6vs mer planerbar fossilfri energi. Det faller ett tungt ansvar p\u00e5 varje parti som aktivt v\u00e4ljer att motarbeta detta.<\/p>\n<p>                        <a href=\"https:\/\/www.tn.se\/johanna-allhorn-2\/\" rel=\"nofollow noopener\" target=\"_blank\"><img decoding=\"async\" src=\"https:\/\/www.europesays.com\/se\/wp-content\/uploads\/2026\/09\/bilder.tn.se.png\" alt=\"\"\/><\/a>                    <\/p>\n<p>\n\t\tPublicerad:<br \/>\n\t\t31 aug 2026, 15:27\n\t<\/p>\n<p>\n\t\t\tUppdaterad:<br \/>\n\t\t\t31 aug 2026, 15:49\n\t\t<\/p>\n","protected":false},"excerpt":{"rendered":"K\u00c4RNKRAFTENS FRAMTID Jan-Olof Jacke, vd f\u00f6r Svenskt N\u00e4ringsliv, st\u00e4ller sig fr\u00e5gande till Centerapartiets partiledare Elisabeth Thand Ringqvists utspel&hellip;\n","protected":false},"author":2,"featured_media":359977,"comment_status":"","ping_status":"","sticky":false,"template":"","format":"standard","meta":{"footnotes":"","_share_on_mastodon":"0"},"categories":[12],"tags":[22,23,26,27,17,21,24,25,28,29,15,16,18,34,31,33,32,30,19,20],"class_list":["post-359976","post","type-post","status-publish","format-standard","has-post-thumbnail","category-sverige","tag-breaking-news","tag-breakingnews","tag-featured-news","tag-featurednews","tag-headlines","tag-huvudnyheter","tag-latest-news","tag-latestnews","tag-main-news","tag-mainnews","tag-news","tag-nyheter","tag-rubriker","tag-se","tag-svenska","tag-sverige","tag-sweden","tag-swedish","tag-top-stories","tag-topstories"],"share_on_mastodon":{"url":"https:\/\/pubeurope.com\/@se\/117193625751736822","error":""},"_links":{"self":[{"href":"https:\/\/www.europesays.com\/se\/wp-json\/wp\/v2\/posts\/359976","targetHints":{"allow":["GET"]}}],"collection":[{"href":"https:\/\/www.europesays.com\/se\/wp-json\/wp\/v2\/posts"}],"about":[{"href":"https:\/\/www.europesays.com\/se\/wp-json\/wp\/v2\/types\/post"}],"author":[{"embeddable":true,"href":"https:\/\/www.europesays.com\/se\/wp-json\/wp\/v2\/users\/2"}],"replies":[{"embeddable":true,"href":"https:\/\/www.europesays.com\/se\/wp-json\/wp\/v2\/comments?post=359976"}],"version-history":[{"count":0,"href":"https:\/\/www.europesays.com\/se\/wp-json\/wp\/v2\/posts\/359976\/revisions"}],"wp:featuredmedia":[{"embeddable":true,"href":"https:\/\/www.europesays.com\/se\/wp-json\/wp\/v2\/media\/359977"}],"wp:attachment":[{"href":"https:\/\/www.europesays.com\/se\/wp-json\/wp\/v2\/media?parent=359976"}],"wp:term":[{"taxonomy":"category","embeddable":true,"href":"https:\/\/www.europesays.com\/se\/wp-json\/wp\/v2\/categories?post=359976"},{"taxonomy":"post_tag","embeddable":true,"href":"https:\/\/www.europesays.com\/se\/wp-json\/wp\/v2\/tags?post=359976"}],"curies":[{"name":"wp","href":"https:\/\/api.w.org\/{rel}","templated":true}]}}