{"id":35999,"date":"2025-09-21T16:49:40","date_gmt":"2025-09-21T16:49:40","guid":{"rendered":"https:\/\/www.europesays.com\/se\/35999\/"},"modified":"2025-09-21T16:49:40","modified_gmt":"2025-09-21T16:49:40","slug":"cyberattack-riktad-mot-flera-flygplatser-4","status":"publish","type":"post","link":"https:\/\/www.europesays.com\/se\/35999\/","title":{"rendered":"Cyberattack riktad mot flera flygplatser"},"content":{"rendered":"<p>Bland de drabbade finns Heathrow utanf\u00f6r London, Europas absolut st\u00f6rsta och mest trafikerade flygplats. P\u00e5 X skriver man att det system som hanterar incheckning och boarding f\u00f6r ett flertal flygbolag har \u201dtekniska problem som kan inneb\u00e4ra f\u00f6rseningar f\u00f6r passagerare\u201d. <\/p>\n<p>F\u00f6retaget som tillhandah\u00e5ller systemet, Collins Aerospace, skriver samtidigt i en kommentar att det handlar om \u201dcyberrelaterade st\u00f6rningar\u201d men att det begr\u00e4nsats till just incheckning och boarding och att konsekvenserna mildrats genom att passagerare i st\u00e4llet checkar in manuellt.  <\/p>\n<p>Passagerare ombeds nu kontrollera situationen med respektive flygbolag f\u00f6re avresa. \u00c4ven Berlins flygplats ska vara drabbat och i en kommentar skriver man att det kommer att inneb\u00e4ra f\u00f6rseningar runtom i Europa.<\/p>\n<p>Bryssels flygplats ska samtidigt ha utsatts f\u00f6r en cyberattack redan under fredagen, 10 avg\u00e5ngar ska ha st\u00e4llts in och ytterligare 17 f\u00f6rsenats med en timme eller mera, enligt flygplatsen. <\/p>\n<p>Swedavia som driver ett flertal av Sveriges st\u00f6rsta flygplatser, uppger f\u00f6r TT att attackerna strax efter klockan 10 inte f\u00e5tt n\u00e5gon p\u00e5verkan p\u00e5 svensk flygtrafik. Inte heller Kastrup utanf\u00f6r K\u00f6penhamn ska i nul\u00e4get vara p\u00e5verkat, enligt danska TV2. <\/p>\n","protected":false},"excerpt":{"rendered":"Bland de drabbade finns Heathrow utanf\u00f6r London, Europas absolut st\u00f6rsta och mest trafikerade flygplats. P\u00e5 X skriver man&hellip;\n","protected":false},"author":2,"featured_media":36000,"comment_status":"","ping_status":"","sticky":false,"template":"","format":"standard","meta":{"footnotes":""},"categories":[14],"tags":[22,23,1919,26,27,3837,17,21,24,25,28,29,15,16,18,34,31,33,32,30,19,20,51,52,53,54],"class_list":{"0":"post-35999","1":"post","2":"type-post","3":"status-publish","4":"format-standard","5":"has-post-thumbnail","7":"category-varlden","8":"tag-breaking-news","9":"tag-breakingnews","10":"tag-cyberangrepp","11":"tag-featured-news","12":"tag-featurednews","13":"tag-flygplats","14":"tag-headlines","15":"tag-huvudnyheter","16":"tag-latest-news","17":"tag-latestnews","18":"tag-main-news","19":"tag-mainnews","20":"tag-news","21":"tag-nyheter","22":"tag-rubriker","23":"tag-se","24":"tag-svenska","25":"tag-sverige","26":"tag-sweden","27":"tag-swedish","28":"tag-top-stories","29":"tag-topstories","30":"tag-varlden","31":"tag-world","32":"tag-world-news","33":"tag-worldnews"},"share_on_mastodon":{"url":"","error":""},"_links":{"self":[{"href":"https:\/\/www.europesays.com\/se\/wp-json\/wp\/v2\/posts\/35999","targetHints":{"allow":["GET"]}}],"collection":[{"href":"https:\/\/www.europesays.com\/se\/wp-json\/wp\/v2\/posts"}],"about":[{"href":"https:\/\/www.europesays.com\/se\/wp-json\/wp\/v2\/types\/post"}],"author":[{"embeddable":true,"href":"https:\/\/www.europesays.com\/se\/wp-json\/wp\/v2\/users\/2"}],"replies":[{"embeddable":true,"href":"https:\/\/www.europesays.com\/se\/wp-json\/wp\/v2\/comments?post=35999"}],"version-history":[{"count":0,"href":"https:\/\/www.europesays.com\/se\/wp-json\/wp\/v2\/posts\/35999\/revisions"}],"wp:featuredmedia":[{"embeddable":true,"href":"https:\/\/www.europesays.com\/se\/wp-json\/wp\/v2\/media\/36000"}],"wp:attachment":[{"href":"https:\/\/www.europesays.com\/se\/wp-json\/wp\/v2\/media?parent=35999"}],"wp:term":[{"taxonomy":"category","embeddable":true,"href":"https:\/\/www.europesays.com\/se\/wp-json\/wp\/v2\/categories?post=35999"},{"taxonomy":"post_tag","embeddable":true,"href":"https:\/\/www.europesays.com\/se\/wp-json\/wp\/v2\/tags?post=35999"}],"curies":[{"name":"wp","href":"https:\/\/api.w.org\/{rel}","templated":true}]}}