{"id":360012,"date":"2026-09-01T04:25:18","date_gmt":"2026-09-01T04:25:18","guid":{"rendered":"https:\/\/www.europesays.com\/se\/360012\/"},"modified":"2026-09-01T04:25:18","modified_gmt":"2026-09-01T04:25:18","slug":"potentiella-amerikanska-maltavlor-avslojade-da-president-trump-varnar-for-kraftiga-vedergallningar","status":"publish","type":"post","link":"https:\/\/www.europesays.com\/se\/360012\/","title":{"rendered":"Potentiella amerikanska m\u00e5ltavlor avsl\u00f6jade d\u00e5 president Trump varnar f\u00f6r kraftiga vederg\u00e4llningar."},"content":{"rendered":"<p><img loading=\"lazy\" decoding=\"async\" style=\"cursor:pointer\" alt=\"Bildtext\" height=\"443\" src=\"https:\/\/www.europesays.com\/se\/wp-content\/uploads\/2026\/09\/1783508412788_trump8726.jpeg\" width=\"665\"\/> USA:s president Donald Trump. Foto: AA\/VNA<\/p>\n<p> Den 31 augusti sade USA:s president Donald Trump att USA skulle vidta h\u00e4mnd mot <a class=\"data-link\" data-org-href=\"https:\/\/www.vietnam.vn\/sv\/tag\/iran\" href=\"https:\/\/www.vietnam.vn\/sv\/tag\/iran\" title=\"Iran\" target=\"_blank\" rel=\"nofollow noopener\">Iran<\/a> efter F\u00f6renade Arabemiratens missil- och dr\u00f6narattacker mot amerikanska styrkor i Jordanien och F\u00f6renade Arabemiraten (UAE).<\/p>\n<p> I ett uttalande till Fox News f\u00f6rklarade den amerikanske ledaren: &#8221;Vi kommer att sl\u00e5 h\u00e5rt mot dem. Det kommer att bli vederg\u00e4llning.&#8221;<\/p>\n<p> President Trump uppgav ocks\u00e5 att amerikanska luftf\u00f6rsvarssystem avlyssnade den stora majoriteten av inkommande attacker.<\/p>\n<p> Enligt Trump bed\u00f6mdes en missil &#8221;inte komma att tr\u00e4ffa n\u00e5gra viktiga m\u00e5l&#8221;, s\u00e5 amerikanska styrkor till\u00e4t den att flyga genom luftrummet.<\/p>\n<p> I en relaterad utveckling rapporterade den turkiska nyhetsbyr\u00e5n Anadolu, med h\u00e4nvisning till information publicerad p\u00e5 Axios, att USA \u00f6verv\u00e4ger begr\u00e4nsade attacker mot Iran f\u00f6r att begr\u00e4nsa \u00e5terst\u00e4llandet av dess missil- och radarkapacitet i Hormuzsundet.<\/p>\n<p> Enligt Axios riktar sig denna plan, som st\u00f6ds av Pentagon, mot Irans anstr\u00e4ngningar att \u00e5terst\u00e4lla radar- och missilsystem som anv\u00e4nds f\u00f6r att hota maritima operationer.<\/p>\n<p> Med h\u00e4nvisning till tre amerikanska tj\u00e4nstem\u00e4n rapporterade Axios att U.S. Central Command (CENTCOM) utvecklade planen f\u00f6rra veckan och att krigsminister Pete Hegseth st\u00f6dde den.<\/p>\n<p> Denna plan hade inte f\u00e5tt president Trumps godk\u00e4nnande f\u00f6re sammandrabbningarna mellan USA och Iran i helgen, men enligt tj\u00e4nstem\u00e4n som citeras av Axios kan det komma att \u00e4ndras efter den senaste eskaleringen.<\/p>\n<p> En tj\u00e4nsteman sade att m\u00e5let var att minska risken f\u00f6r att Iran attackerar oljetankfartyg, amerikanska flottans krigsfartyg och amerikanska flygvapenflygplan, och beskrev tillv\u00e4gag\u00e5ngss\u00e4ttet som ett f\u00f6rs\u00f6k att &#8221;klippa gr\u00e4smattan&#8221;.<\/p>\n<p> En tj\u00e4nsteman i Vita huset sa till Axios: \u201dPresidenten har fortfarande alla alternativ till sitt f\u00f6rfogande. Iranierna vill n\u00e5 en \u00f6verenskommelse, men de ligger alltid ett steg efter och har bara en liten aning om att uppn\u00e5 den.\u201d<\/p>\n<p> Tj\u00e4nstem\u00e4n h\u00e4nvisade till en nyligen intr\u00e4ffad incident d\u00e4r en iransk luftv\u00e4rnsmissil avfyrades mot ett amerikanskt F-35-plan som eskorterade fartyg genom Hormuzsundet, och h\u00e4vdade att detta \u00f6kade oron kring Irans <a class=\"data-link\" data-org-href=\"https:\/\/www.vietnam.vn\/sv\/category\/quan-su\" href=\"https:\/\/www.vietnam.vn\/sv\/category\/quan-su\" title=\"milit\u00e4r\" target=\"_blank\" rel=\"nofollow noopener\">milit\u00e4ra<\/a> kapacitet.<\/p>\n<p> De sa att Irans missilattacker den 30 augusti riktade mot amerikanska baser i Jordanien, som f\u00f6ljde p\u00e5 en amerikansk attack mot iranska styrkor, skulle kunna p\u00e5verka president Trumps beslut. <\/p>\n<p><img loading=\"lazy\" decoding=\"async\" style=\"cursor:pointer\" alt=\"Bildtext\" height=\"900\" src=\"https:\/\/www.europesays.com\/se\/wp-content\/uploads\/2026\/09\/1788214617639_0906-arrw.jpeg\" width=\"1350\"\/> Illustrativ bild av det amerikanska flygavfyrade snabbinsatsvapnet AGM-183A (ARRW). Foto: Lockheed Martin <\/p>\n<p> P\u00e5 Teherans sida meddelade den iranska islamiska revolutionsgardet (IRGC) tidigt den 31 augusti att man hade anv\u00e4nt ballistiska missiler f\u00f6r att attackera flygbaserna Kung Hussein och Azraq i Jordanien, och \u00e4ven anv\u00e4nt spr\u00e4ng\u00e4mnesladdade dr\u00f6nare f\u00f6r att attackera flygbasen Al Minhad i F\u00f6renade Arabemiraten (UAE).<\/p>\n<p> IRGC sade att operationen var en vederg\u00e4llning f\u00f6r den amerikanska attacken mot Larak\u00f6n den 30 augusti. Den amerikanska attacken syftade enligt uppgift till att f\u00f6rhindra utplacering av sj\u00f6minor i Hormuzsundet, en viktig oljetransitv\u00e4g.<\/p>\n<p> Den amerikanska attacken markerar de f\u00f6rsta attackerna mot iranskt territorium sedan slutet av juli, d\u00e5 USA avslutade en tv\u00e5 veckor l\u00e5ng bombkampanj mot Teheran efter att Trump f\u00f6rklarade Islamabad-memorandumet, som undertecknades p\u00e5 distans med Irans president Masoud Pezeshkian den 17 juni, inte l\u00e4ngre var giltigt.<\/p>\n<p> President Trump uttryckte ocks\u00e5 skepsis kring m\u00f6jligheten till ett <a class=\"data-link\" data-org-href=\"https:\/\/www.vietnam.vn\/sv\/category\/ngoai-giao\" href=\"https:\/\/www.vietnam.vn\/sv\/category\/ngoai-giao\" title=\"diplomatisk\" target=\"_blank\" rel=\"nofollow noopener\">diplomatiskt<\/a> genombrott och sa att Teheran var angel\u00e4gen om att h\u00e5lla ett m\u00f6te, men han visste inte om &#8221;det \u00e4r trov\u00e4rdigt att de kommer att n\u00e5 en \u00f6verenskommelse&#8221;.<\/p>\n<p> President Trump f\u00f6rklarade ocks\u00e5 att de nuvarande amerikanska sanktionerna &#8221;verkar kraftfullt&#8221;.<\/p>\n<p> F\u00f6rra veckan lanserade USA Operation <a class=\"data-link\" data-org-href=\"https:\/\/www.vietnam.vn\/sv\/category\/kinh-te\" href=\"https:\/\/www.vietnam.vn\/sv\/category\/kinh-te\" title=\"ekonomi\" target=\"_blank\" rel=\"nofollow noopener\">Economic<\/a> Outcast, med inriktning p\u00e5 sektorer som Washington beskriver som viktiga ekonomiska livlinor f\u00f6r Iran, inklusive olja, sj\u00f6fart, flyg, guld, teknologi och digitala tillg\u00e5ngar.<\/p>\n<p> Iran h\u00e4vdar att kampanjen mot Teheran bryter mot internationell r\u00e4tt och beskriver den senaste omg\u00e5ngen av sanktioner som &#8221;ekonomisk terrorism&#8221;.<\/p>\n<p class=\"mb-0\"> K\u00e4lla: https:\/\/baotintuc.vn\/ho-so-quan-su\/tiet-lo-muc-tieu-my-co-the-tan-cong-khi-tong-thong-trump-canh-bao-se-tra-dua-manh-me-20260901051538232.htm<\/p>\n","protected":false},"excerpt":{"rendered":"USA:s president Donald Trump. Foto: AA\/VNA Den 31 augusti sade USA:s president Donald Trump att USA skulle vidta&hellip;\n","protected":false},"author":2,"featured_media":360013,"comment_status":"","ping_status":"","sticky":false,"template":"","format":"standard","meta":{"footnotes":"","_share_on_mastodon":"0"},"categories":[14],"tags":[15228,41051,15690,22,23,385,3505,26,27,3244,41054,17,15581,21,1530,41050,16595,3051,24,25,28,29,41053,15,16,41049,41052,18,34,31,33,32,30,13191,19,20,41048,3818,51,13635,52,53,54],"class_list":["post-360012","post","type-post","status-publish","format-standard","has-post-thumbnail","category-varlden","tag-amerika","tag-amerikansk-militar","tag-attack","tag-breaking-news","tag-breakingnews","tag-donald-trump","tag-dronare","tag-featured-news","tag-featurednews","tag-forenade-arabemiraten","tag-hamnd","tag-headlines","tag-hormuzsundet","tag-huvudnyheter","tag-iran","tag-islamiska-revolutionsgardet","tag-jordanien","tag-krig","tag-latest-news","tag-latestnews","tag-main-news","tag-mainnews","tag-missil","tag-news","tag-nyheter","tag-pentagonen","tag-president-trump","tag-rubriker","tag-se","tag-svenska","tag-sverige","tag-sweden","tag-swedish","tag-teheran","tag-top-stories","tag-topstories","tag-trumf","tag-usas-president","tag-varlden","tag-washington","tag-world","tag-world-news","tag-worldnews"],"share_on_mastodon":{"url":"","error":"Validation failed: Text character limit of 500 exceeded"},"_links":{"self":[{"href":"https:\/\/www.europesays.com\/se\/wp-json\/wp\/v2\/posts\/360012","targetHints":{"allow":["GET"]}}],"collection":[{"href":"https:\/\/www.europesays.com\/se\/wp-json\/wp\/v2\/posts"}],"about":[{"href":"https:\/\/www.europesays.com\/se\/wp-json\/wp\/v2\/types\/post"}],"author":[{"embeddable":true,"href":"https:\/\/www.europesays.com\/se\/wp-json\/wp\/v2\/users\/2"}],"replies":[{"embeddable":true,"href":"https:\/\/www.europesays.com\/se\/wp-json\/wp\/v2\/comments?post=360012"}],"version-history":[{"count":0,"href":"https:\/\/www.europesays.com\/se\/wp-json\/wp\/v2\/posts\/360012\/revisions"}],"wp:featuredmedia":[{"embeddable":true,"href":"https:\/\/www.europesays.com\/se\/wp-json\/wp\/v2\/media\/360013"}],"wp:attachment":[{"href":"https:\/\/www.europesays.com\/se\/wp-json\/wp\/v2\/media?parent=360012"}],"wp:term":[{"taxonomy":"category","embeddable":true,"href":"https:\/\/www.europesays.com\/se\/wp-json\/wp\/v2\/categories?post=360012"},{"taxonomy":"post_tag","embeddable":true,"href":"https:\/\/www.europesays.com\/se\/wp-json\/wp\/v2\/tags?post=360012"}],"curies":[{"name":"wp","href":"https:\/\/api.w.org\/{rel}","templated":true}]}}