{"id":360014,"date":"2026-09-01T04:28:54","date_gmt":"2026-09-01T04:28:54","guid":{"rendered":"https:\/\/www.europesays.com\/se\/360014\/"},"modified":"2026-09-01T04:28:54","modified_gmt":"2026-09-01T04:28:54","slug":"trump-usa-ska-svara-pa-irans-attack-affarsvarlden","status":"publish","type":"post","link":"https:\/\/www.europesays.com\/se\/360014\/","title":{"rendered":"Trump: USA ska svara p\u00e5 Irans attack &#8211; Aff\u00e4rsv\u00e4rlden"},"content":{"rendered":"<ol>\n<li><a href=\"https:\/\/news.google.com\/rss\/articles\/CBMifEFVX3lxTFBfak5MTEo5YnpxSERiWGJ1cjBxRk16bVU1ZDZwa190WVg1ZVY2QmplNGg4M3RXXzdYRlMzMHVMZHJ6YjJJTE1tWWZjUlFPak4zXzM3ZVdvZUxRanpJdGUzd0FvMjVtN2JDSVN5Ml8xS1NfcVVhdWZpUzBadHQ?oc=5\" target=\"_blank\" rel=\"nofollow noopener\">Trump: USA ska svara p\u00e5 Irans attack<\/a>&nbsp;&nbsp;Aff\u00e4rsv\u00e4rlden<\/li>\n<li><a href=\"https:\/\/news.google.com\/rss\/articles\/CBMihgFBVV95cUxPaUVVZnJpZmhSeUxZT01QVXpfWE8wODdLWmdveHZxTVN5RW81LWs0b0FiNFpMLXRrbEhjelB0X0lvbnJ1R0wwUnhxV3V5b19oV1ppQ0szU1JjVUVRT29jaUs3T2hIYV9QUDRzM2h5SHhFOFFBZU5ocWk5R2QxbXJ1ZU5oaXBQZw?oc=5\" target=\"_blank\" rel=\"nofollow noopener\">Attacker mellan USA och Iran \u2013 oljepriset stiger<\/a>&nbsp;&nbsp;Aftonbladet<\/li>\n<li><a href=\"https:\/\/news.google.com\/rss\/articles\/CBMipAFBVV95cUxOdUVsdzlPTUhNeUhibEhCR2o3RjlhbzdYUlYxVjBaXzFBSmxtN2ZZNUhJaG5xY1BDWVloUE9nVzJBX1RRR0ZmYVVCLW9YU3VQYlNKOTJhWk13dklhdXFNQnl1bEJjV29xd3gwYWNlWVRfS29JQktBcGtKa3oyUXc2cHpZa0RHcTc3dDhHMl9jc2FELXgxNlhEVjNrS2RCaEJCV25LVg?oc=5\" target=\"_blank\" rel=\"nofollow noopener\">Trump sl\u00e4pper AI-video om fel \u00f6<\/a>&nbsp;&nbsp;G\u00f6teborgs-Posten<\/li>\n<li><a href=\"https:\/\/news.google.com\/rss\/articles\/CBMivwFBVV95cUxQdmVRSEhEMG5JcDZtcHdJZXhOcXFVWEtab3lGNHlSQUE1Y3dfR1JRRmF0TFRZRjlsWVhYdzF2S2NmTEJWWHNpblRWOVp1ZEJFS3dKX09YbWdHX05jb1RRSXBLUW0wSFF0RGcxNVRvT0k1TEJ0QktRVmFoT3dvcVhYTmlhOUhDRTFvQkdINjRGc3FVLTl6aWZFRzFCRThqNF93eUZPM3J3ZDd5M0FIV0ROUG5ib1dZZ3JYVXhFWi1yaw?oc=5\" target=\"_blank\" rel=\"nofollow noopener\">Uppgifter: Tanker tr\u00e4ffad av projektiler \u2013 Specials\u00e4ndning om attackerna \u2013 svarar p\u00e5 publikens fr\u00e5gor<\/a>&nbsp;&nbsp;SVT Nyheter<\/li>\n<li><a href=\"https:\/\/news.google.com\/rss\/articles\/CBMiggFBVV95cUxQTERDTER2amlOYVE1OXA3X1MtM2dtV0lMdWZrbE9qTk54d1VKZmZiOUs2YWF0RmtJbHg1dHBGMnAzdTJEM0RYNDBReXRhRS1palhiTjZITmZFa1I3b1ZHc3hCZDlvRjNkTUVtQnd2Z19haHpzeXV3UjlWWnFlSHc5RUJ3?oc=5\" target=\"_blank\" rel=\"nofollow noopener\">F\u00f6renade arabemiraten: Det \u00e4r en \u201dfarlig upptrappning\u201d<\/a>&nbsp;&nbsp;Omni \u2013 Alla nyheter. Alla perspektiv.<\/li>\n<\/ol>\n","protected":false},"excerpt":{"rendered":"Trump: USA ska svara p\u00e5 Irans attack&nbsp;&nbsp;Aff\u00e4rsv\u00e4rlden Attacker mellan USA och Iran \u2013 oljepriset stiger&nbsp;&nbsp;Aftonbladet Trump sl\u00e4pper AI-video&hellip;\n","protected":false},"author":2,"featured_media":360015,"comment_status":"","ping_status":"","sticky":false,"template":"","format":"standard","meta":{"footnotes":"","_share_on_mastodon":"0"},"categories":[5],"tags":[22,23,26,27,17,21,24,25,28,29,15,16,18,34,31,33,32,30,19,20],"class_list":["post-360014","post","type-post","status-publish","format-standard","has-post-thumbnail","category-rubriker","tag-breaking-news","tag-breakingnews","tag-featured-news","tag-featurednews","tag-headlines","tag-huvudnyheter","tag-latest-news","tag-latestnews","tag-main-news","tag-mainnews","tag-news","tag-nyheter","tag-rubriker","tag-se","tag-svenska","tag-sverige","tag-sweden","tag-swedish","tag-top-stories","tag-topstories"],"share_on_mastodon":{"url":"https:\/\/pubeurope.com\/@se\/117193904205261831","error":""},"_links":{"self":[{"href":"https:\/\/www.europesays.com\/se\/wp-json\/wp\/v2\/posts\/360014","targetHints":{"allow":["GET"]}}],"collection":[{"href":"https:\/\/www.europesays.com\/se\/wp-json\/wp\/v2\/posts"}],"about":[{"href":"https:\/\/www.europesays.com\/se\/wp-json\/wp\/v2\/types\/post"}],"author":[{"embeddable":true,"href":"https:\/\/www.europesays.com\/se\/wp-json\/wp\/v2\/users\/2"}],"replies":[{"embeddable":true,"href":"https:\/\/www.europesays.com\/se\/wp-json\/wp\/v2\/comments?post=360014"}],"version-history":[{"count":0,"href":"https:\/\/www.europesays.com\/se\/wp-json\/wp\/v2\/posts\/360014\/revisions"}],"wp:featuredmedia":[{"embeddable":true,"href":"https:\/\/www.europesays.com\/se\/wp-json\/wp\/v2\/media\/360015"}],"wp:attachment":[{"href":"https:\/\/www.europesays.com\/se\/wp-json\/wp\/v2\/media?parent=360014"}],"wp:term":[{"taxonomy":"category","embeddable":true,"href":"https:\/\/www.europesays.com\/se\/wp-json\/wp\/v2\/categories?post=360014"},{"taxonomy":"post_tag","embeddable":true,"href":"https:\/\/www.europesays.com\/se\/wp-json\/wp\/v2\/tags?post=360014"}],"curies":[{"name":"wp","href":"https:\/\/api.w.org\/{rel}","templated":true}]}}