{"id":360020,"date":"2026-09-01T04:37:30","date_gmt":"2026-09-01T04:37:30","guid":{"rendered":"https:\/\/www.europesays.com\/se\/360020\/"},"modified":"2026-09-01T04:37:30","modified_gmt":"2026-09-01T04:37:30","slug":"andreas-birro-ryssland-planerar-angrepp-pa-baltikum","status":"publish","type":"post","link":"https:\/\/www.europesays.com\/se\/360020\/","title":{"rendered":"Andreas Birro: Ryssland planerar angrepp p\u00e5 Baltikum"},"content":{"rendered":"<p class=\"has-drop-cap wp-block-paragraph\">Allt mer tyder p\u00e5 att Ryssland f\u00f6rbereder ett angrepp mot en av de baltiska staterna. L\u00e4nge har europeiska ledare avf\u00e4rdat ett s\u00e5dant scenario som irrationellt. Den h\u00e4r g\u00e5ngen b\u00f6r vi vara b\u00e4ttre p\u00e5 att l\u00e4sa krigets j\u00e4rtecken.<\/p>\n<p class=\"wp-block-paragraph\">CIA:s generaldirekt\u00f6r John Ratcliffe bes\u00f6kte Moskva f\u00f6rra veckan. Bes\u00f6ket ska ha handlat om att varna den ryska ledningen f\u00f6r konsekvenserna av ett angrepp mot Baltikum. Oannonserade resor av den h\u00e4r typen \u00e4r ovanliga och p\u00e5minner om den d\u00e5varande CIA-chefen Bill Burns bes\u00f6k i Moskva inf\u00f6r den fullskaliga invasionen av Ukraina.<\/p>\n<p class=\"wp-block-paragraph\">Det \u00e4r \u00e4nnu oklart vilken form ett ryskt angrepp skulle kunna ta. En fullskalig invasion av ett Natoland skulle vara milit\u00e4rt betydligt sv\u00e5rare f\u00f6r Ryssland att genomf\u00f6ra, inte minst medan kriget i Ukraina p\u00e5g\u00e5r. D\u00e4remot skulle ett begr\u00e4nsat milit\u00e4rt angrepp, sabotage eller n\u00e5gon annan form av hybridoperation kunna vara betydligt mer genomf\u00f6rbar.<\/p>\n<p class=\"wp-block-paragraph\">Den amerikanska s\u00e4kerhetspolitiska tankesmedjan Institute for the Study of War (ISW) bed\u00f6mer att ett angrepp inte \u00e4r osannolikt och att det kan handla om att testa Natos artikel 5 om \u00f6msesidiga f\u00f6rsvarsgarantier. Samtidigt menar de att det sannolikt inte skulle ta formen av en fullskalig konventionell invasion.<\/p>\n<p class=\"wp-block-paragraph\">Det \u00e4r en viktig skillnad. Det ryska hot som USA enligt uppgift f\u00f6rs\u00f6ker avskr\u00e4cka under 2026 kan vara betydligt mer begr\u00e4nsat, asymmetriskt och sv\u00e5rtolkat \u00e4n invasionen 2022. Just d\u00e4rf\u00f6r kan det ocks\u00e5 vara sv\u00e5rare att uppt\u00e4cka och farligare att avf\u00e4rda. <\/p>\n<p class=\"wp-block-paragraph\">Det \u00e4r oroande att den svenska valr\u00f6relsen \u00e4nnu inte har f\u00e5ngat upp dessa tecken. Inga svenska statsr\u00e5d har hittills kommenterat uppgifterna, men flera europeiska ledare har d\u00e4remot varnat f\u00f6r risken. Polens premi\u00e4rminister Donald Tusk konstaterar att vi inte kan utesluta ryska provokationer mot n\u00e5got av Natos medlemsl\u00e4nder och att Europa m\u00e5ste vara f\u00f6rberett.<\/p>\n<p class=\"wp-block-paragraph\">Europa kan framst\u00e5 som splittrat, men ett ryskt angrepp p\u00e5 Baltikum skulle sannolikt m\u00f6tas av b\u00e5de Europa och USA. Mycket tyder p\u00e5 att Putin \u00e5terigen \u00e4r p\u00e5 v\u00e4g att skjuta sig i foten. Debatten i Europa pr\u00e4glas av bristen p\u00e5 luftv\u00e4rnsrobotar inom Nato, delvis till f\u00f6ljd av USA krig mot Iran. Det \u00e4r allvarligt, men knappast n\u00e5got som m\u00f6jligg\u00f6r en rysk invasion. En robotbrist \u00e4r i grunden ett industriellt och logistiskt problem. Europa kan \u00f6ka produktionen och bygga upp lagren. Det tar tid och kostar pengar, men det g\u00e5r. <\/p>\n<p class=\"wp-block-paragraph\">Ett ryskt angrepp p\u00e5 Baltikum medan kriget i Ukraina p\u00e5g\u00e5r vore n\u00e5got helt annat. D\u00e5 \u00f6ppnar Ryssland en ny front mot Nato samtidigt som man redan \u00e4r fast i ett stort krig. Det \u00e4r ett strategiskt misstag. Stormakter g\u00e5r inte bara under n\u00e4r de f\u00f6rlorar slag. De kan ocks\u00e5 \u00f6verstr\u00e4cka sig s\u00e5 l\u00e5ngt att kostnaderna b\u00f6rjar undergr\u00e4va den politiska ordning som skulle b\u00e4ra kriget. <\/p>\n<p class=\"wp-block-paragraph\">Ett ryskt angrepp p\u00e5 Baltikum skulle kunna bli alla oavsiktliga konsekvensers moder. Ju l\u00e4ngre Putin forts\u00e4tter p\u00e5 den v\u00e4gen, desto st\u00f6rre blir ocks\u00e5 den politiska risken hemma i Moskva. Jag skulle d\u00e4rf\u00f6r h\u00e5lla ett \u00f6ga p\u00e5 v\u00e5ra vapenlager och ett annat p\u00e5 de ryska d\u00f6dsannonserna. Det s\u00e4gs att Kreml har m\u00e5nga hala trappor och d\u00e5ligt installerade f\u00f6nster.<\/p>\n<p class=\"wp-block-paragraph\">Andreas Birro \u00e4r fri skribent och opinionsbildare<\/p>\n","protected":false},"excerpt":{"rendered":"Allt mer tyder p\u00e5 att Ryssland f\u00f6rbereder ett angrepp mot en av de baltiska staterna. L\u00e4nge har europeiska&hellip;\n","protected":false},"author":2,"featured_media":360021,"comment_status":"","ping_status":"","sticky":false,"template":"","format":"standard","meta":{"footnotes":"","_share_on_mastodon":"0"},"categories":[14],"tags":[5827,22,23,11302,3063,26,27,17,21,40844,24,25,28,29,3468,999,15,16,1912,2205,18,264,34,31,33,32,30,19,20,263,74,51,52,53,54],"class_list":["post-360020","post","type-post","status-publish","format-standard","has-post-thumbnail","category-varlden","tag-baltikum","tag-breaking-news","tag-breakingnews","tag-cia","tag-donald-tusk","tag-featured-news","tag-featurednews","tag-headlines","tag-huvudnyheter","tag-john-ratcliffe","tag-latest-news","tag-latestnews","tag-main-news","tag-mainnews","tag-moskva","tag-nato","tag-news","tag-nyheter","tag-polen","tag-putin","tag-rubriker","tag-ryssland","tag-se","tag-svenska","tag-sverige","tag-sweden","tag-swedish","tag-top-stories","tag-topstories","tag-ukraina","tag-usa","tag-varlden","tag-world","tag-world-news","tag-worldnews"],"share_on_mastodon":{"url":"https:\/\/pubeurope.com\/@se\/117193935850034434","error":""},"_links":{"self":[{"href":"https:\/\/www.europesays.com\/se\/wp-json\/wp\/v2\/posts\/360020","targetHints":{"allow":["GET"]}}],"collection":[{"href":"https:\/\/www.europesays.com\/se\/wp-json\/wp\/v2\/posts"}],"about":[{"href":"https:\/\/www.europesays.com\/se\/wp-json\/wp\/v2\/types\/post"}],"author":[{"embeddable":true,"href":"https:\/\/www.europesays.com\/se\/wp-json\/wp\/v2\/users\/2"}],"replies":[{"embeddable":true,"href":"https:\/\/www.europesays.com\/se\/wp-json\/wp\/v2\/comments?post=360020"}],"version-history":[{"count":0,"href":"https:\/\/www.europesays.com\/se\/wp-json\/wp\/v2\/posts\/360020\/revisions"}],"wp:featuredmedia":[{"embeddable":true,"href":"https:\/\/www.europesays.com\/se\/wp-json\/wp\/v2\/media\/360021"}],"wp:attachment":[{"href":"https:\/\/www.europesays.com\/se\/wp-json\/wp\/v2\/media?parent=360020"}],"wp:term":[{"taxonomy":"category","embeddable":true,"href":"https:\/\/www.europesays.com\/se\/wp-json\/wp\/v2\/categories?post=360020"},{"taxonomy":"post_tag","embeddable":true,"href":"https:\/\/www.europesays.com\/se\/wp-json\/wp\/v2\/tags?post=360020"}],"curies":[{"name":"wp","href":"https:\/\/api.w.org\/{rel}","templated":true}]}}