{"id":360022,"date":"2026-09-01T04:38:24","date_gmt":"2026-09-01T04:38:24","guid":{"rendered":"https:\/\/www.europesays.com\/se\/360022\/"},"modified":"2026-09-01T04:38:24","modified_gmt":"2026-09-01T04:38:24","slug":"vi-jobbar-utefter-att-vi-hittar-honom-vid-liv-ostersunds-posten","status":"publish","type":"post","link":"https:\/\/www.europesays.com\/se\/360022\/","title":{"rendered":"\u201dVi jobbar utefter att vi hittar honom vid liv\u201d &#8211; \u00d6stersunds-Posten"},"content":{"rendered":"<ol>\n<li><a href=\"https:\/\/news.google.com\/rss\/articles\/CBMiakFVX3lxTFBGQVM5VDAyLTZ6U1JxLWtKaW1UdGFOMG1rTXF3eWk3aGZyYU5raEM3c01FZlh1VnVCand5TTU1S1UydE9GTnFpTWJLWmpzUTRRTG81TmlTSXcyVXpZN1Z0c0N2WkZFYV9kbUE?oc=5\" target=\"_blank\" rel=\"nofollow noopener\">\u201dVi jobbar utefter att vi hittar honom vid liv\u201d<\/a>&nbsp;&nbsp;\u00d6stersunds-Posten<\/li>\n<li><a href=\"https:\/\/news.google.com\/rss\/articles\/CBMihgFBVV95cUxQbklTaHM1V3FaRElsWFVSOVNnUTZQdkllaGxSTTlBcHJWcEZoWk1XRXc1OV8xYjR1VlNMeTlFUWdBZS1zQ3ZaNjB3clNua19BYkh2TGUtcHU2UFB2THpiS29iVzkwRnV0Vk5mUEVMQTBNZ1BOQnZscGlxQmNtekRZR19TSGpVUQ?oc=5\" target=\"_blank\" rel=\"nofollow noopener\">Nyheter fr\u00e5n dagen: 31 augusti<\/a>&nbsp;&nbsp;SVT Nyheter<\/li>\n<li><a href=\"https:\/\/news.google.com\/rss\/articles\/CBMimAFBVV95cUxQMFRlV21Ual95LTJVM3AyWm9UM3phcHVoNmFDOGt3NzUyOG04WVRUTXlEd0lETll6STdEUG9zZmxnSFM1ck9oUktHZHk5MWJVUnlqbzhhZFBVRE9oUTBIajk0bVo2R2ZyOTRYdFVvbml0Uy1CenFwS3l6QW9ZTTlSTTlLOUxzdkl3VU5RXzQ0NG4tRnBWME15Yw?oc=5\" target=\"_blank\" rel=\"nofollow noopener\">Stor s\u00f6kinsats efter mannen i sv\u00e5r terr\u00e4ng: \u201dVi forts\u00e4tter\u201d<\/a>&nbsp;&nbsp;sverigesradio.se<\/li>\n<li><a href=\"https:\/\/news.google.com\/rss\/articles\/CBMiigFBVV95cUxPVnBvQ2pRa0l3NG1VY0tNOHRfdG1scnU3WDg0RlJLV1h0MDg2X3BFeFpnTlAwbWh1dWxVZDFKaVhvUkVuZi1kMWQxZV8wZ091ZmxpNGVfUEducUoxajRQb1RVXzF0SlJvX3FaR29QUk16UWJpZVZlTHg5M1NWdU84YlFCQzBCcUVvZlE?oc=5\" target=\"_blank\" rel=\"nofollow noopener\">Man f\u00f6rsvunnen p\u00e5 fj\u00e4llvandring \u2013 helikopter s\u00e4tts in<\/a>&nbsp;&nbsp;Aftonbladet<\/li>\n<li><a href=\"https:\/\/news.google.com\/rss\/articles\/CBMigwFBVV95cUxOQWR2VkM0TkF1akcwSGNRVk53dDhsQzUzZENwazF4endKU2dUWXc5V3BtSld0Q2dqTkUydGdOb0UzUm1UZHc3dG5tNnFfLXZpeW15Q2NmSFFhd05PZUNnNnVFaUczRnlJS19SeFNFbmVsMm5SUDZYLUFXTzBTUWJDbEhhbw?oc=5\" target=\"_blank\" rel=\"nofollow noopener\">\u00c4ldre man f\u00f6rsvunnen \u2013 stor s\u00f6kinsats i J\u00e4nsm\u00e4ssholmen<\/a>&nbsp;&nbsp;SVT Nyheter<\/li>\n<\/ol>\n","protected":false},"excerpt":{"rendered":"\u201dVi jobbar utefter att vi hittar honom vid liv\u201d&nbsp;&nbsp;\u00d6stersunds-Posten Nyheter fr\u00e5n dagen: 31 augusti&nbsp;&nbsp;SVT Nyheter Stor s\u00f6kinsats efter&hellip;\n","protected":false},"author":2,"featured_media":360023,"comment_status":"","ping_status":"","sticky":false,"template":"","format":"standard","meta":{"footnotes":"","_share_on_mastodon":"0"},"categories":[12],"tags":[22,23,26,27,17,21,24,25,28,29,15,16,18,34,31,33,32,30,19,20],"class_list":["post-360022","post","type-post","status-publish","format-standard","has-post-thumbnail","category-sverige","tag-breaking-news","tag-breakingnews","tag-featured-news","tag-featurednews","tag-headlines","tag-huvudnyheter","tag-latest-news","tag-latestnews","tag-main-news","tag-mainnews","tag-news","tag-nyheter","tag-rubriker","tag-se","tag-svenska","tag-sverige","tag-sweden","tag-swedish","tag-top-stories","tag-topstories"],"share_on_mastodon":{"url":"https:\/\/pubeurope.com\/@se\/117193939577715902","error":""},"_links":{"self":[{"href":"https:\/\/www.europesays.com\/se\/wp-json\/wp\/v2\/posts\/360022","targetHints":{"allow":["GET"]}}],"collection":[{"href":"https:\/\/www.europesays.com\/se\/wp-json\/wp\/v2\/posts"}],"about":[{"href":"https:\/\/www.europesays.com\/se\/wp-json\/wp\/v2\/types\/post"}],"author":[{"embeddable":true,"href":"https:\/\/www.europesays.com\/se\/wp-json\/wp\/v2\/users\/2"}],"replies":[{"embeddable":true,"href":"https:\/\/www.europesays.com\/se\/wp-json\/wp\/v2\/comments?post=360022"}],"version-history":[{"count":0,"href":"https:\/\/www.europesays.com\/se\/wp-json\/wp\/v2\/posts\/360022\/revisions"}],"wp:featuredmedia":[{"embeddable":true,"href":"https:\/\/www.europesays.com\/se\/wp-json\/wp\/v2\/media\/360023"}],"wp:attachment":[{"href":"https:\/\/www.europesays.com\/se\/wp-json\/wp\/v2\/media?parent=360022"}],"wp:term":[{"taxonomy":"category","embeddable":true,"href":"https:\/\/www.europesays.com\/se\/wp-json\/wp\/v2\/categories?post=360022"},{"taxonomy":"post_tag","embeddable":true,"href":"https:\/\/www.europesays.com\/se\/wp-json\/wp\/v2\/tags?post=360022"}],"curies":[{"name":"wp","href":"https:\/\/api.w.org\/{rel}","templated":true}]}}