{"id":360030,"date":"2026-09-01T04:45:49","date_gmt":"2026-09-01T04:45:49","guid":{"rendered":"https:\/\/www.europesays.com\/se\/360030\/"},"modified":"2026-09-01T04:45:49","modified_gmt":"2026-09-01T04:45:49","slug":"hovratten-domde-rysk-krigsforbrytare-till-over-tolv-ars-fangelse-inrikes","status":"publish","type":"post","link":"https:\/\/www.europesays.com\/se\/360030\/","title":{"rendered":"Hovr\u00e4tten d\u00f6mde rysk krigsf\u00f6rbrytare till \u00f6ver tolv \u00e5rs f\u00e4ngelse | Inrikes"},"content":{"rendered":"<p class=\"aw__sc-1qwuw0s-0 aw__sc-1vg2sqm-0 epAWpq ecELkD yle__article__paragraph\">Helsingfors hovr\u00e4tt har d\u00f6mt ryska Voislav Torden till \u00f6ver tolv \u00e5rs f\u00e4ngelse f\u00f6r tre krigsbrott i Ukraina \u00e5ren 2014-2015.<\/p>\n<p><img decoding=\"async\" alt=\"Voislav Torden i Helsingfors hovr\u00e4tt. En man sitter i en r\u00e4ttssal.\" src=\"https:\/\/www.europesays.com\/se\/wp-content\/uploads\/2026\/09\/1770625008.jpeg\" class=\"aw__sc-dklauk-0 LPzKX\"\/><\/p>\n<p>\u00d6ppna bildvisare<\/p>\n<p>Voislav Torden h\u00f6rdes i hovr\u00e4tten i februari 2026. Bredvid honom sitter hans advokat Heikki Lampela. Bild: Christoffer Gr\u00f6hn \/ Yle<\/p>\n<p>31.8 10:38\u2022Uppdaterad 31.8 10:47<\/p>\n<p>Lyssna (du h\u00f6r en artificiell r\u00f6st) 3:12<\/p>\n<p class=\"aw__sc-1qwuw0s-0 aw__sc-ngllmo-0 epAWpq fzYpjk yle__article__paragraph\">Helsingfors hovr\u00e4tt gav sin dom mot <strong class=\"aw__sc-ngllmo-2 gdRrun yle__article__strong\">Voislav Torden<\/strong> p\u00e5 m\u00e5ndagen. Hovr\u00e4tten lindrar straffet.<\/p>\n<p class=\"aw__sc-1qwuw0s-0 aw__sc-ngllmo-0 epAWpq fzYpjk yle__article__paragraph\"><a class=\"aw__sc-ngllmo-1 bTDnwX yle__article__link\" href=\"https:\/\/yle.fi\/a\/7-10074335\" role=\"link\" rel=\"nofollow noopener\" target=\"_blank\">Helsingfors tingsr\u00e4tt d\u00f6mde tidigare<\/a> Torden till livstids f\u00e4ngelse f\u00f6r fyra krigsbrott. \u00c5talen mot honom g\u00e4llde fem olika krigsbrott som ska ha skett \u00e5ren 2014 och 2015 i Ukraina. St\u00f6rsta delen g\u00e4llde h\u00e4ndelser under en och samma dag i september 2014.<\/p>\n<p class=\"aw__sc-1qwuw0s-0 aw__sc-ngllmo-0 epAWpq fzYpjk yle__article__paragraph\">Torden var bitr\u00e4dande ledare f\u00f6r den paramilit\u00e4ra gruppen Rusitj. Gruppen anses vara h\u00f6gerextrem eller nynazistisk.<\/p>\n<p class=\"aw__sc-1qwuw0s-0 aw__sc-ngllmo-0 epAWpq fzYpjk yle__article__paragraph\">Torden ska ha bidragit till att 22 ukrainska soldater dog och fyra skadades under ett bakh\u00e5ll. Gruppen ska ha lurat dem till platsen genom att hissa den ukrainska flaggan. Torden ska ocks\u00e5 sj\u00e4lv ha skjutit mot ukrainska soldater. Den h\u00e4r \u00e5talspunkten f\u00f6rkastades i tingsr\u00e4tten men hovr\u00e4tten anser att Torden \u00e4r skyldig till krigsbrott i det h\u00e4r fallet.<\/p>\n<p class=\"aw__sc-1qwuw0s-0 aw__sc-ngllmo-0 epAWpq fzYpjk yle__article__paragraph\">Hovr\u00e4tten anser att Torden genom att delta i bakh\u00e5llet tillsammans med andra styrkor \u00e4r ansvarig f\u00f6r att soldaterna dog och s\u00e5rades.<\/p>\n<p>Friades f\u00f6r tv\u00e5 krigsbrott<\/p>\n<p class=\"aw__sc-1qwuw0s-0 aw__sc-ngllmo-0 epAWpq fzYpjk yle__article__paragraph\">Ett annat \u00e5tal g\u00e4llde d\u00f6dandet av ukrainska soldater genast efter bakh\u00e5llet, men i det h\u00e4r fallet friar hovr\u00e4tten Torden. Det motiveras med att han inte kunde styra vad gruppens \u00f6vriga medlemmar gjorde efter bakh\u00e5llet.<\/p>\n<p class=\"aw__sc-1qwuw0s-0 aw__sc-ngllmo-0 epAWpq fzYpjk yle__article__paragraph\">Torden frias ocks\u00e5 f\u00f6r \u00e5talet d\u00e4r soldater i Rusitjs skar in gruppens symbol p\u00e5 kinden till en ukrainsk soldat. Tingsr\u00e4tten d\u00f6mde Torden f\u00f6r det h\u00e4r, men enligt hovr\u00e4tten handlade det inte om ett krigsbrott.<\/p>\n<p>D\u00f6mdes f\u00f6r foto med ukrainsk soldat<\/p>\n<p class=\"aw__sc-1qwuw0s-0 aw__sc-ngllmo-0 epAWpq fzYpjk yle__article__paragraph\">Voislav Torden d\u00f6mdes d\u00e4remot f\u00f6r att han p\u00e5 en bild poserade med kroppen av en ukrainsk soldat. Bilden spreds p\u00e5 sociala medier. Ocks\u00e5 tingsr\u00e4tten d\u00f6mde Torden f\u00f6r det h\u00e4r.<\/p>\n<p class=\"aw__sc-1qwuw0s-0 aw__sc-ngllmo-0 epAWpq fzYpjk yle__article__paragraph\">Torden d\u00f6mdes ocks\u00e5 f\u00f6r att att Rusitj publicerat meddelanden p\u00e5 internet och i sociala medier d\u00e4r det stod att gruppen inte ger n\u00e5d och inte tar f\u00e5ngar.<\/p>\n<p class=\"aw__sc-1qwuw0s-0 aw__sc-ngllmo-0 epAWpq fzYpjk yle__article__paragraph\">Helsingfors hovr\u00e4tt d\u00f6mer honom till 12 \u00e5r och sex m\u00e5naders f\u00e4ngelse.<\/p>\n<p class=\"aw__sc-1qwuw0s-0 aw__sc-ngllmo-0 epAWpq fzYpjk yle__article__paragraph\">Voislav Torden greps i Finland sommaren 2023 och h\u00e4ktades i december samma \u00e5r misst\u00e4nkt f\u00f6r krigsf\u00f6rbrytelser. D\u00e4rf\u00f6r ordnades r\u00e4tteg\u00e5ngen mot honom i Finland.<\/p>\n<p>\u201dVi gav f\u00f6rsta hj\u00e4lpen och f\u00f6rde till sjukhus\u201d<\/p>\n<p class=\"aw__sc-1qwuw0s-0 aw__sc-ngllmo-0 epAWpq fzYpjk yle__article__paragraph\">Torden nekade till krigsbrott n\u00e4r han h\u00f6rdes i Helsingfors hovr\u00e4tt den 9 februari 2026.<\/p>\n<p class=\"aw__sc-1qwuw0s-0 aw__sc-ngllmo-0 epAWpq fzYpjk yle__article__paragraph\">Han ber\u00e4ttade att han tv\u00e4rtom hj\u00e4lpte de s\u00e5rade ukrainska soldaterna.<\/p>\n<p class=\"aw__sc-1qwuw0s-0 aw__sc-ngllmo-0 epAWpq fzYpjk yle__article__paragraph\">\u2013 V\u00e5r riktlinje \u00e4r att ge f\u00f6rsta hj\u00e4lpen till s\u00e5rade och f\u00f6ra dem till sjukhus, f\u00f6rklarade han.<\/p>\n<p class=\"aw__sc-1qwuw0s-0 aw__sc-ngllmo-0 epAWpq fzYpjk yle__article__paragraph\">Enligt Torden hade Rusitj inte mandat att agera p\u00e5 annat s\u00e4tt.<\/p>\n<p class=\"aw__sc-1qwuw0s-0 aw__sc-ngllmo-0 epAWpq fzYpjk yle__article__paragraph\">Han sa ocks\u00e5 att han inte ska ha sett den ukrainska flaggan under bakh\u00e5llet.<\/p>\n<p class=\"aw__sc-1qwuw0s-0 aw__sc-ngllmo-0 epAWpq fzYpjk yle__article__paragraph\">\u2013 Jag s\u00e5g ingen flagga. Jag godk\u00e4nner inte att flaggan missbrukas s\u00e5 h\u00e4r. Det \u00e4r fel, sa han.<\/p>\n<p class=\"aw__sc-1qwuw0s-0 aw__sc-ngllmo-0 epAWpq fzYpjk yle__article__paragraph\">Hovr\u00e4ttens dom kan \u00e4nnu \u00f6verklagas till H\u00f6gsta domstolen.<\/p>\n","protected":false},"excerpt":{"rendered":"Helsingfors hovr\u00e4tt har d\u00f6mt ryska Voislav Torden till \u00f6ver tolv \u00e5rs f\u00e4ngelse f\u00f6r tre krigsbrott i Ukraina \u00e5ren&hellip;\n","protected":false},"author":2,"featured_media":360031,"comment_status":"","ping_status":"","sticky":false,"template":"","format":"standard","meta":{"footnotes":"","_share_on_mastodon":"0"},"categories":[14],"tags":[22,23,128,2965,26,27,684,17,41061,21,683,41062,41060,24,25,28,29,15,16,18,34,14014,31,33,32,30,19,20,51,52,53,54],"class_list":["post-360030","post","type-post","status-publish","format-standard","has-post-thumbnail","category-varlden","tag-breaking-news","tag-breakingnews","tag-brott","tag-domar","tag-featured-news","tag-featurednews","tag-finland","tag-headlines","tag-helsingfors-hovratt","tag-huvudnyheter","tag-inrikes","tag-krigsforbrytare","tag-krigsforbrytelser","tag-latest-news","tag-latestnews","tag-main-news","tag-mainnews","tag-news","tag-nyheter","tag-rubriker","tag-se","tag-soldater","tag-svenska","tag-sverige","tag-sweden","tag-swedish","tag-top-stories","tag-topstories","tag-varlden","tag-world","tag-world-news","tag-worldnews"],"share_on_mastodon":{"url":"https:\/\/pubeurope.com\/@se\/117193971475016742","error":""},"_links":{"self":[{"href":"https:\/\/www.europesays.com\/se\/wp-json\/wp\/v2\/posts\/360030","targetHints":{"allow":["GET"]}}],"collection":[{"href":"https:\/\/www.europesays.com\/se\/wp-json\/wp\/v2\/posts"}],"about":[{"href":"https:\/\/www.europesays.com\/se\/wp-json\/wp\/v2\/types\/post"}],"author":[{"embeddable":true,"href":"https:\/\/www.europesays.com\/se\/wp-json\/wp\/v2\/users\/2"}],"replies":[{"embeddable":true,"href":"https:\/\/www.europesays.com\/se\/wp-json\/wp\/v2\/comments?post=360030"}],"version-history":[{"count":0,"href":"https:\/\/www.europesays.com\/se\/wp-json\/wp\/v2\/posts\/360030\/revisions"}],"wp:featuredmedia":[{"embeddable":true,"href":"https:\/\/www.europesays.com\/se\/wp-json\/wp\/v2\/media\/360031"}],"wp:attachment":[{"href":"https:\/\/www.europesays.com\/se\/wp-json\/wp\/v2\/media?parent=360030"}],"wp:term":[{"taxonomy":"category","embeddable":true,"href":"https:\/\/www.europesays.com\/se\/wp-json\/wp\/v2\/categories?post=360030"},{"taxonomy":"post_tag","embeddable":true,"href":"https:\/\/www.europesays.com\/se\/wp-json\/wp\/v2\/tags?post=360030"}],"curies":[{"name":"wp","href":"https:\/\/api.w.org\/{rel}","templated":true}]}}