{"id":360032,"date":"2026-09-01T04:47:08","date_gmt":"2026-09-01T04:47:08","guid":{"rendered":"https:\/\/www.europesays.com\/se\/360032\/"},"modified":"2026-09-01T04:47:08","modified_gmt":"2026-09-01T04:47:08","slug":"mpf-statlig-aktor-bakom-ai-botar-som-paverkar-sverige","status":"publish","type":"post","link":"https:\/\/www.europesays.com\/se\/360032\/","title":{"rendered":"MPF: Statlig akt\u00f6r bakom AI-botar som p\u00e5verkar Sverige"},"content":{"rendered":"<p>Ett AI-drivet botn\u00e4tverk med runt 1\u202f200 konton p\u00e5 X har f\u00f6rs\u00f6kt p\u00e5verka Sverige genom att sp\u00e4 p\u00e5 polariseringen. Det visar en rapport fr\u00e5n Myndigheten f\u00f6r psykologiskt f\u00f6rsvar som SVT har tagit del av.<\/p>\n<p>\u2013 Den medvetenheten \u00e4r bra f\u00f6r svenska v\u00e4ljare att ha, s\u00e4ger MPF:s operativa chef Karin L\u00f6nnheden till kanalen.<\/p>\n<p>Kontona ska ha skapats av en leverant\u00f6r i \u00d6stasien som finansieras av en statlig akt\u00f6r. N\u00e4tverket gjorde \u00f6ver 50\u202f000 inl\u00e4gg, kommentarer och delningar under 2025 och 2026.<\/p>\n<p>Omni \u00e4r politiskt obundna och oberoende. Vi str\u00e4var efter att ge fler perspektiv p\u00e5 nyheterna. Har du fr\u00e5gor eller synpunkter kring v\u00e5r rapportering? <a href=\"https:\/\/omni.se\/mpf-statlig-aktor-bakom-ai-botar-som-paverkar-sverige\/a\/mailto:redaktion@omni.se\" class=\"ArticleActions-module-scss-module__w9u9BG__contactLink\" rel=\"nofollow noopener\" target=\"_blank\">Kontakta redaktionen<\/a><\/p>\n","protected":false},"excerpt":{"rendered":"Ett AI-drivet botn\u00e4tverk med runt 1\u202f200 konton p\u00e5 X har f\u00f6rs\u00f6kt p\u00e5verka Sverige genom att sp\u00e4 p\u00e5 polariseringen.&hellip;\n","protected":false},"author":2,"featured_media":360033,"comment_status":"","ping_status":"","sticky":false,"template":"","format":"standard","meta":{"footnotes":"","_share_on_mastodon":"0"},"categories":[12],"tags":[466,22,23,26,27,17,21,2801,715,24,25,28,29,41063,15,16,18,34,31,33,32,30,19,20],"class_list":["post-360032","post","type-post","status-publish","format-standard","has-post-thumbnail","category-sverige","tag-artificiell-intelligens","tag-breaking-news","tag-breakingnews","tag-featured-news","tag-featurednews","tag-headlines","tag-huvudnyheter","tag-informationsteknologi","tag-it","tag-latest-news","tag-latestnews","tag-main-news","tag-mainnews","tag-myndigheten-for-psykologiskt-forsvar","tag-news","tag-nyheter","tag-rubriker","tag-se","tag-svenska","tag-sverige","tag-sweden","tag-swedish","tag-top-stories","tag-topstories"],"share_on_mastodon":{"url":"https:\/\/pubeurope.com\/@se\/117193975138285175","error":""},"_links":{"self":[{"href":"https:\/\/www.europesays.com\/se\/wp-json\/wp\/v2\/posts\/360032","targetHints":{"allow":["GET"]}}],"collection":[{"href":"https:\/\/www.europesays.com\/se\/wp-json\/wp\/v2\/posts"}],"about":[{"href":"https:\/\/www.europesays.com\/se\/wp-json\/wp\/v2\/types\/post"}],"author":[{"embeddable":true,"href":"https:\/\/www.europesays.com\/se\/wp-json\/wp\/v2\/users\/2"}],"replies":[{"embeddable":true,"href":"https:\/\/www.europesays.com\/se\/wp-json\/wp\/v2\/comments?post=360032"}],"version-history":[{"count":0,"href":"https:\/\/www.europesays.com\/se\/wp-json\/wp\/v2\/posts\/360032\/revisions"}],"wp:featuredmedia":[{"embeddable":true,"href":"https:\/\/www.europesays.com\/se\/wp-json\/wp\/v2\/media\/360033"}],"wp:attachment":[{"href":"https:\/\/www.europesays.com\/se\/wp-json\/wp\/v2\/media?parent=360032"}],"wp:term":[{"taxonomy":"category","embeddable":true,"href":"https:\/\/www.europesays.com\/se\/wp-json\/wp\/v2\/categories?post=360032"},{"taxonomy":"post_tag","embeddable":true,"href":"https:\/\/www.europesays.com\/se\/wp-json\/wp\/v2\/tags?post=360032"}],"curies":[{"name":"wp","href":"https:\/\/api.w.org\/{rel}","templated":true}]}}