{"id":360034,"date":"2026-09-01T04:48:12","date_gmt":"2026-09-01T04:48:12","guid":{"rendered":"https:\/\/www.europesays.com\/se\/360034\/"},"modified":"2026-09-01T04:48:12","modified_gmt":"2026-09-01T04:48:12","slug":"forsta-svenska-kliniken-erbjuder-ny-alzheimermedicin","status":"publish","type":"post","link":"https:\/\/www.europesays.com\/se\/360034\/","title":{"rendered":"F\u00f6rsta svenska kliniken erbjuder ny alzheimermedicin"},"content":{"rendered":"<p>  <img alt=\"\" class=\"_image_1jxax_84 layout-component layout-wide\" data-fullscreen- data-track-element-type=\"Article image fullscreen\" data-track-name=\"ImageFullscreen\" fetchpriority=\"high\" decoding=\"sync\" loading=\"eager\" height=\"3333\" itemprop=\"image\"  src=\"https:\/\/akamai.vgc.no\/v2\/images\/1b7f4d9c-3fe6-3109-aaa8-541db96a9b3e?format=auto&amp;w=40&amp;s=8e9f20bbb79fe96075379adbd8ff0987c364b22f\"  style=\"object-position:0% 0%\" width=\"5000\"\/><\/p>\n<p class=\"_textTheme_zldsx_1 _lead_16k26_2 _lead_3ue4t_18 layout-component layout-normal layout-padded _lead_o6m9k_5 _leadTheme_1q6sv_1 body-large bold\">En privat svensk klinik \u00e4r f\u00f6rst ut att erbjuda behandling med den nya alzheimermedicinen. Allt sparkar ig\u00e5ng inom kort. Men det finns en hake. Det kostar pengar. Mycket pengar.<\/p>\n<p><a class=\"_link_1lr5y_108\" href=\"https:\/\/www.svd.se\/av\/jan-almgren\" title=\"Jan Almgren\" rel=\"nofollow noopener\" target=\"_blank\"><img alt=\"Bild av Jan Almgren\" class=\"_image_1lr5y_85\" fetchpriority=\"low\" decoding=\"async\" itemprop=\"image\" loading=\"lazy\"  src=\"https:\/\/akamai.vgc.no\/v2\/images\/3b108189-dedc-4338-859f-d93d034fd2e3?format=auto&amp;w=40&amp;s=cfe49a70a6ab024f8cdb4a768ca8bdcc7b26488e\"  width=\"480\"\/><\/a>          <\/p>\n<p class=\"_textTheme_zldsx_1 _paragraph_16k26_4 _paragraph_3ue4t_27 layout-component layout-normal layout-padded body-medium\">F\u00f6rberedelserna har p\u00e5g\u00e5tt i m\u00e5nader. Nu \u00e4r f\u00f6rsta patienten inbokad i b\u00f6rjan av oktober, n\u00e5got organisationen Alzheimer Life var f\u00f6rst med att rapportera.<\/p>\n<p class=\"_textTheme_zldsx_1 _paragraph_16k26_4 _paragraph_3ue4t_27 layout-component layout-normal layout-padded body-medium\">Jon Jonsson, en av grundarna till Executive Health, \u00e4r f\u00f6rv\u00e4ntansfull:<\/p>\n","protected":false},"excerpt":{"rendered":"En privat svensk klinik \u00e4r f\u00f6rst ut att erbjuda behandling med den nya alzheimermedicinen. Allt sparkar ig\u00e5ng inom&hellip;\n","protected":false},"author":2,"featured_media":360035,"comment_status":"","ping_status":"","sticky":false,"template":"","format":"standard","meta":{"footnotes":"","_share_on_mastodon":"0"},"categories":[5],"tags":[22,23,26,27,17,21,24,25,28,29,15,16,18,34,22098,31,33,32,30,19,20],"class_list":["post-360034","post","type-post","status-publish","format-standard","has-post-thumbnail","category-rubriker","tag-breaking-news","tag-breakingnews","tag-featured-news","tag-featurednews","tag-headlines","tag-huvudnyheter","tag-latest-news","tag-latestnews","tag-main-news","tag-mainnews","tag-news","tag-nyheter","tag-rubriker","tag-se","tag-svd-fokus-pengar","tag-svenska","tag-sverige","tag-sweden","tag-swedish","tag-top-stories","tag-topstories"],"share_on_mastodon":{"url":"https:\/\/pubeurope.com\/@se\/117193979419197469","error":""},"_links":{"self":[{"href":"https:\/\/www.europesays.com\/se\/wp-json\/wp\/v2\/posts\/360034","targetHints":{"allow":["GET"]}}],"collection":[{"href":"https:\/\/www.europesays.com\/se\/wp-json\/wp\/v2\/posts"}],"about":[{"href":"https:\/\/www.europesays.com\/se\/wp-json\/wp\/v2\/types\/post"}],"author":[{"embeddable":true,"href":"https:\/\/www.europesays.com\/se\/wp-json\/wp\/v2\/users\/2"}],"replies":[{"embeddable":true,"href":"https:\/\/www.europesays.com\/se\/wp-json\/wp\/v2\/comments?post=360034"}],"version-history":[{"count":0,"href":"https:\/\/www.europesays.com\/se\/wp-json\/wp\/v2\/posts\/360034\/revisions"}],"wp:featuredmedia":[{"embeddable":true,"href":"https:\/\/www.europesays.com\/se\/wp-json\/wp\/v2\/media\/360035"}],"wp:attachment":[{"href":"https:\/\/www.europesays.com\/se\/wp-json\/wp\/v2\/media?parent=360034"}],"wp:term":[{"taxonomy":"category","embeddable":true,"href":"https:\/\/www.europesays.com\/se\/wp-json\/wp\/v2\/categories?post=360034"},{"taxonomy":"post_tag","embeddable":true,"href":"https:\/\/www.europesays.com\/se\/wp-json\/wp\/v2\/tags?post=360034"}],"curies":[{"name":"wp","href":"https:\/\/api.w.org\/{rel}","templated":true}]}}