{"id":360038,"date":"2026-09-01T04:55:26","date_gmt":"2026-09-01T04:55:26","guid":{"rendered":"https:\/\/www.europesays.com\/se\/360038\/"},"modified":"2026-09-01T04:55:26","modified_gmt":"2026-09-01T04:55:26","slug":"senaste-nytt-om-kriget-i-ukraina-49","status":"publish","type":"post","link":"https:\/\/www.europesays.com\/se\/360038\/","title":{"rendered":"Senaste nytt om kriget i Ukraina"},"content":{"rendered":"<p>K\u00e4rnkraftverket i Zaporizjzja i syd\u00f6stra Ukraina \u00e4r utan extern str\u00f6mf\u00f6rs\u00f6rjning sedan ett tag. De dieseldrivna n\u00f6dgeneratorerna har bara br\u00e4nsle f\u00f6r ytterligare tio dagar, uppger FN:s atomorgan IAEA.<\/p>\n<p>Anl\u00e4ggningen beh\u00f6ver str\u00f6m f\u00f6r att h\u00e5lla sina sex nedst\u00e4ngda reaktorer kalla.<\/p>\n<p>\u201dSituationen visar \u00e5terigen varf\u00f6r tillf\u00f6rlitlig extern str\u00f6mf\u00f6rs\u00f6rjning och s\u00e4kra f\u00f6rs\u00f6rjningsv\u00e4gar \u00e4r oumb\u00e4rliga f\u00f6r k\u00e4rnkraftss\u00e4kerhet\u201d, s\u00e4ger IAEA:s generaldirekt\u00f6r Rafael Grossi i ett uttalande.<\/p>\n<p>\u201dMilit\u00e4r aktivitet\u201d \u00e4r orsaken till str\u00f6mbristen. Enligt IAEA p\u00e5g\u00e5r f\u00f6rs\u00f6k att f\u00f6rhandla fram en lokal vapenvila f\u00f6r att m\u00f6jligg\u00f6ra reparationer av elledningar.<\/p>\n<p>IAEA meddelade i fredags att anl\u00e4ggningen, som kontrolleras av ryska invasionsstyrkor, under veckan tr\u00e4ffats av tre dr\u00f6nare. (TT)<\/p>\n","protected":false},"excerpt":{"rendered":"K\u00e4rnkraftverket i Zaporizjzja i syd\u00f6stra Ukraina \u00e4r utan extern str\u00f6mf\u00f6rs\u00f6rjning sedan ett tag. De dieseldrivna n\u00f6dgeneratorerna har bara&hellip;\n","protected":false},"author":2,"featured_media":360039,"comment_status":"","ping_status":"","sticky":false,"template":"","format":"standard","meta":{"footnotes":"","_share_on_mastodon":"0"},"categories":[14],"tags":[22,23,26,27,17,21,24,25,28,29,15,16,18,34,31,33,32,30,19,20,51,52,53,54],"class_list":["post-360038","post","type-post","status-publish","format-standard","has-post-thumbnail","category-varlden","tag-breaking-news","tag-breakingnews","tag-featured-news","tag-featurednews","tag-headlines","tag-huvudnyheter","tag-latest-news","tag-latestnews","tag-main-news","tag-mainnews","tag-news","tag-nyheter","tag-rubriker","tag-se","tag-svenska","tag-sverige","tag-sweden","tag-swedish","tag-top-stories","tag-topstories","tag-varlden","tag-world","tag-world-news","tag-worldnews"],"share_on_mastodon":{"url":"https:\/\/pubeurope.com\/@se\/117194006421721523","error":""},"_links":{"self":[{"href":"https:\/\/www.europesays.com\/se\/wp-json\/wp\/v2\/posts\/360038","targetHints":{"allow":["GET"]}}],"collection":[{"href":"https:\/\/www.europesays.com\/se\/wp-json\/wp\/v2\/posts"}],"about":[{"href":"https:\/\/www.europesays.com\/se\/wp-json\/wp\/v2\/types\/post"}],"author":[{"embeddable":true,"href":"https:\/\/www.europesays.com\/se\/wp-json\/wp\/v2\/users\/2"}],"replies":[{"embeddable":true,"href":"https:\/\/www.europesays.com\/se\/wp-json\/wp\/v2\/comments?post=360038"}],"version-history":[{"count":0,"href":"https:\/\/www.europesays.com\/se\/wp-json\/wp\/v2\/posts\/360038\/revisions"}],"wp:featuredmedia":[{"embeddable":true,"href":"https:\/\/www.europesays.com\/se\/wp-json\/wp\/v2\/media\/360039"}],"wp:attachment":[{"href":"https:\/\/www.europesays.com\/se\/wp-json\/wp\/v2\/media?parent=360038"}],"wp:term":[{"taxonomy":"category","embeddable":true,"href":"https:\/\/www.europesays.com\/se\/wp-json\/wp\/v2\/categories?post=360038"},{"taxonomy":"post_tag","embeddable":true,"href":"https:\/\/www.europesays.com\/se\/wp-json\/wp\/v2\/tags?post=360038"}],"curies":[{"name":"wp","href":"https:\/\/api.w.org\/{rel}","templated":true}]}}