{"id":360040,"date":"2026-09-01T04:57:17","date_gmt":"2026-09-01T04:57:17","guid":{"rendered":"https:\/\/www.europesays.com\/se\/360040\/"},"modified":"2026-09-01T04:57:17","modified_gmt":"2026-09-01T04:57:17","slug":"meta-tog-betalt-for-att-sprida-hogerextremt-innehall","status":"publish","type":"post","link":"https:\/\/www.europesays.com\/se\/360040\/","title":{"rendered":"Meta tog betalt f\u00f6r att sprida h\u00f6gerextremt inneh\u00e5ll"},"content":{"rendered":"<p>Tiktok och Facebooks \u00e4gare Meta har tagit betalt av ett h\u00f6gerextremt och rasistiskt konto f\u00f6r att sprida politiskt inneh\u00e5ll p\u00e5 sina plattformar, visar en granskning fr\u00e5n P3 Nyheter. Samtidigt till\u00e5ts nazistiska och h\u00f6gerextrema konton med miljontals anv\u00e4ndare verka \u00f6ppet p\u00e5 Tiktok.<\/p>\n<p>\u2013 Sociala medier har stor betydelse n\u00e4r det g\u00e4ller rekrytering och radikalisering till v\u00e5ldsbejakande extremism, s\u00e4ger Ahn-Za Hagstr\u00f6m, chef p\u00e5 Nationellt centrum f\u00f6r terrorhotbed\u00f6mning.<\/p>\n<p>Tiktoks nordiska kommunikationsansvarige Lukasz Lindell s\u00e4ger att han inte kan f\u00f6rklara hur kontot kunnat k\u00f6pa annonser, eftersom det strider mot plattformens regler. Meta har inte svarat p\u00e5 P3 Nyheters fr\u00e5gor.<\/p>\n<p>Omni \u00e4r politiskt obundna och oberoende. Vi str\u00e4var efter att ge fler perspektiv p\u00e5 nyheterna. Har du fr\u00e5gor eller synpunkter kring v\u00e5r rapportering? <a href=\"https:\/\/omni.se\/granskning-meta-tog-betalt-for-att-sprida-hogerextremt-innehall\/a\/mailto:redaktion@omni.se\" class=\"ArticleActions-module-scss-module__w9u9BG__contactLink\" rel=\"nofollow noopener\" target=\"_blank\">Kontakta redaktionen<\/a><\/p>\n","protected":false},"excerpt":{"rendered":"Tiktok och Facebooks \u00e4gare Meta har tagit betalt av ett h\u00f6gerextremt och rasistiskt konto f\u00f6r att sprida politiskt&hellip;\n","protected":false},"author":2,"featured_media":360041,"comment_status":"","ping_status":"","sticky":false,"template":"","format":"standard","meta":{"footnotes":"","_share_on_mastodon":"0"},"categories":[5],"tags":[22,23,333,4442,26,27,17,21,334,24,25,28,29,732,2226,14902,14901,15,16,18,34,31,33,32,30,19,20],"class_list":["post-360040","post","type-post","status-publish","format-standard","has-post-thumbnail","category-rubriker","tag-breaking-news","tag-breakingnews","tag-data","tag-facebook","tag-featured-news","tag-featurednews","tag-headlines","tag-huvudnyheter","tag-it-hogteknologi","tag-latest-news","tag-latestnews","tag-main-news","tag-mainnews","tag-media-reklam","tag-meta","tag-nationellt-centrum-for-terrorhotbedomning","tag-nct","tag-news","tag-nyheter","tag-rubriker","tag-se","tag-svenska","tag-sverige","tag-sweden","tag-swedish","tag-top-stories","tag-topstories"],"share_on_mastodon":{"url":"https:\/\/pubeurope.com\/@se\/117194014531641588","error":""},"_links":{"self":[{"href":"https:\/\/www.europesays.com\/se\/wp-json\/wp\/v2\/posts\/360040","targetHints":{"allow":["GET"]}}],"collection":[{"href":"https:\/\/www.europesays.com\/se\/wp-json\/wp\/v2\/posts"}],"about":[{"href":"https:\/\/www.europesays.com\/se\/wp-json\/wp\/v2\/types\/post"}],"author":[{"embeddable":true,"href":"https:\/\/www.europesays.com\/se\/wp-json\/wp\/v2\/users\/2"}],"replies":[{"embeddable":true,"href":"https:\/\/www.europesays.com\/se\/wp-json\/wp\/v2\/comments?post=360040"}],"version-history":[{"count":0,"href":"https:\/\/www.europesays.com\/se\/wp-json\/wp\/v2\/posts\/360040\/revisions"}],"wp:featuredmedia":[{"embeddable":true,"href":"https:\/\/www.europesays.com\/se\/wp-json\/wp\/v2\/media\/360041"}],"wp:attachment":[{"href":"https:\/\/www.europesays.com\/se\/wp-json\/wp\/v2\/media?parent=360040"}],"wp:term":[{"taxonomy":"category","embeddable":true,"href":"https:\/\/www.europesays.com\/se\/wp-json\/wp\/v2\/categories?post=360040"},{"taxonomy":"post_tag","embeddable":true,"href":"https:\/\/www.europesays.com\/se\/wp-json\/wp\/v2\/tags?post=360040"}],"curies":[{"name":"wp","href":"https:\/\/api.w.org\/{rel}","templated":true}]}}