{"id":360044,"date":"2026-09-01T05:04:09","date_gmt":"2026-09-01T05:04:09","guid":{"rendered":"https:\/\/www.europesays.com\/se\/360044\/"},"modified":"2026-09-01T05:04:09","modified_gmt":"2026-09-01T05:04:09","slug":"andersson-ingen-med-normal-inkomst-far-hojd-skatt","status":"publish","type":"post","link":"https:\/\/www.europesays.com\/se\/360044\/","title":{"rendered":"Andersson: Ingen med normal inkomst f\u00e5r h\u00f6jd skatt"},"content":{"rendered":"<p>Ingen som har en \u201dnormal inkomst\u201d, det vill s\u00e4ga under 70\u202f000 kronor i m\u00e5naden, ska f\u00e5 h\u00f6jd inkomstskatt under n\u00e4sta mandatperiod om Socialdemokraterna vinner valet. Det s\u00e4ger S-ledaren Magdalena Andersson till SVT Nyheter. <\/p>\n<p>Den som har 70\u202f000 kronor kan f\u00e5 betala \u201dn\u00e5gon hundralapp\u201d mer, d\u00e4refter trappas skatten upp. <\/p>\n<p>\u2013 Om man har riktigt h\u00f6ga inkomster s\u00e5 kan det handla om mer, s\u00e4ger Andersson.<\/p>\n<p>Men hon p\u00e5pekar att det \u00e4r en grupp som under den nuvarande mandatperioden f\u00e5tt stora skattes\u00e4nkningar.<\/p>\n<p>Just nu uppl\u00e5st f\u00f6r alla<\/p>\n<p>Regeringen har s\u00e4nkt skatterna, bland annat i form av ett f\u00f6rst\u00e4rkt jobbskatteavdrag. F\u00f6r oppositionen kan C-krav p\u00e5 skattes\u00e4nkningar bli en  kn\u00e4ckfr\u00e5ga i framtida regeringsf\u00f6rhandlingar.<\/p>\n<p>L\u00e4s vidare med Omni Mer<\/p>\n<p>Omni \u00e4r politiskt obundna och oberoende. Vi str\u00e4var efter att ge fler perspektiv p\u00e5 nyheterna. Har du fr\u00e5gor eller synpunkter kring v\u00e5r rapportering? <a href=\"https:\/\/omni.se\/andersson-ingen-med-normal-inkomst-ska-fa-hojd-skatt\/a\/mailto:redaktion@omni.se\" class=\"ArticleActions-module-scss-module__w9u9BG__contactLink\" rel=\"nofollow noopener\" target=\"_blank\">Kontakta redaktionen<\/a><\/p>\n","protected":false},"excerpt":{"rendered":"Ingen som har en \u201dnormal inkomst\u201d, det vill s\u00e4ga under 70\u202f000 kronor i m\u00e5naden, ska f\u00e5 h\u00f6jd inkomstskatt&hellip;\n","protected":false},"author":2,"featured_media":360045,"comment_status":"","ping_status":"","sticky":false,"template":"","format":"standard","meta":{"footnotes":"","_share_on_mastodon":"0"},"categories":[12],"tags":[22,23,26,27,17,21,24,25,2186,28,29,15,16,369,18,34,848,1557,31,33,32,30,19,20,3416],"class_list":["post-360044","post","type-post","status-publish","format-standard","has-post-thumbnail","category-sverige","tag-breaking-news","tag-breakingnews","tag-featured-news","tag-featurednews","tag-headlines","tag-huvudnyheter","tag-latest-news","tag-latestnews","tag-magdalena-andersson","tag-main-news","tag-mainnews","tag-news","tag-nyheter","tag-politik","tag-rubriker","tag-se","tag-skattepolitik","tag-socialdemokraterna","tag-svenska","tag-sverige","tag-sweden","tag-swedish","tag-top-stories","tag-topstories","tag-valet-2026"],"share_on_mastodon":{"url":"https:\/\/pubeurope.com\/@se\/117194041807391487","error":""},"_links":{"self":[{"href":"https:\/\/www.europesays.com\/se\/wp-json\/wp\/v2\/posts\/360044","targetHints":{"allow":["GET"]}}],"collection":[{"href":"https:\/\/www.europesays.com\/se\/wp-json\/wp\/v2\/posts"}],"about":[{"href":"https:\/\/www.europesays.com\/se\/wp-json\/wp\/v2\/types\/post"}],"author":[{"embeddable":true,"href":"https:\/\/www.europesays.com\/se\/wp-json\/wp\/v2\/users\/2"}],"replies":[{"embeddable":true,"href":"https:\/\/www.europesays.com\/se\/wp-json\/wp\/v2\/comments?post=360044"}],"version-history":[{"count":0,"href":"https:\/\/www.europesays.com\/se\/wp-json\/wp\/v2\/posts\/360044\/revisions"}],"wp:featuredmedia":[{"embeddable":true,"href":"https:\/\/www.europesays.com\/se\/wp-json\/wp\/v2\/media\/360045"}],"wp:attachment":[{"href":"https:\/\/www.europesays.com\/se\/wp-json\/wp\/v2\/media?parent=360044"}],"wp:term":[{"taxonomy":"category","embeddable":true,"href":"https:\/\/www.europesays.com\/se\/wp-json\/wp\/v2\/categories?post=360044"},{"taxonomy":"post_tag","embeddable":true,"href":"https:\/\/www.europesays.com\/se\/wp-json\/wp\/v2\/tags?post=360044"}],"curies":[{"name":"wp","href":"https:\/\/api.w.org\/{rel}","templated":true}]}}