{"id":360046,"date":"2026-09-01T05:05:24","date_gmt":"2026-09-01T05:05:24","guid":{"rendered":"https:\/\/www.europesays.com\/se\/360046\/"},"modified":"2026-09-01T05:05:24","modified_gmt":"2026-09-01T05:05:24","slug":"6-125-000-kronor-for-villa-i-uppsala","status":"publish","type":"post","link":"https:\/\/www.europesays.com\/se\/360046\/","title":{"rendered":"6\u00a0125\u00a0000 kronor f\u00f6r villa i Uppsala"},"content":{"rendered":"<p> Nya \u00e4gare \u00e4r Ann-Catrin och Sven Gunnar Sigfrid Jisander, 69 och 89 \u00e5r. Priset blev 6\u00a0125\u00a0000 kronor och de nya \u00e4garna tog \u00f6ver huset i augusti 2026. Husets bygg\u00e5r \u00e4r 2011 och det har en boyta p\u00e5 127 kvadratmeter samt en tomt som \u00e4r 3\u00a0104 kvadratmeter stor.<\/p>\n<p>Tidigare under \u00e5ret s\u00e5ldes en tomt precis i n\u00e4rheten, p\u00e5 Yrestahed 57C. Priset blev d\u00e4r 775\u00a0000 kronor.<\/p>\n<p>Se alla lagfarter h\u00e4r<\/p>\n","protected":false},"excerpt":{"rendered":"Nya \u00e4gare \u00e4r Ann-Catrin och Sven Gunnar Sigfrid Jisander, 69 och 89 \u00e5r. Priset blev 6\u00a0125\u00a0000 kronor och&hellip;\n","protected":false},"author":2,"featured_media":360047,"comment_status":"","ping_status":"","sticky":false,"template":"","format":"standard","meta":{"footnotes":"","_share_on_mastodon":"0"},"categories":[5],"tags":[22,23,26,27,17,21,24,25,28,29,15,16,18,34,31,33,32,30,19,20],"class_list":["post-360046","post","type-post","status-publish","format-standard","has-post-thumbnail","category-rubriker","tag-breaking-news","tag-breakingnews","tag-featured-news","tag-featurednews","tag-headlines","tag-huvudnyheter","tag-latest-news","tag-latestnews","tag-main-news","tag-mainnews","tag-news","tag-nyheter","tag-rubriker","tag-se","tag-svenska","tag-sverige","tag-sweden","tag-swedish","tag-top-stories","tag-topstories"],"share_on_mastodon":{"url":"https:\/\/pubeurope.com\/@se\/117194045700679663","error":""},"_links":{"self":[{"href":"https:\/\/www.europesays.com\/se\/wp-json\/wp\/v2\/posts\/360046","targetHints":{"allow":["GET"]}}],"collection":[{"href":"https:\/\/www.europesays.com\/se\/wp-json\/wp\/v2\/posts"}],"about":[{"href":"https:\/\/www.europesays.com\/se\/wp-json\/wp\/v2\/types\/post"}],"author":[{"embeddable":true,"href":"https:\/\/www.europesays.com\/se\/wp-json\/wp\/v2\/users\/2"}],"replies":[{"embeddable":true,"href":"https:\/\/www.europesays.com\/se\/wp-json\/wp\/v2\/comments?post=360046"}],"version-history":[{"count":0,"href":"https:\/\/www.europesays.com\/se\/wp-json\/wp\/v2\/posts\/360046\/revisions"}],"wp:featuredmedia":[{"embeddable":true,"href":"https:\/\/www.europesays.com\/se\/wp-json\/wp\/v2\/media\/360047"}],"wp:attachment":[{"href":"https:\/\/www.europesays.com\/se\/wp-json\/wp\/v2\/media?parent=360046"}],"wp:term":[{"taxonomy":"category","embeddable":true,"href":"https:\/\/www.europesays.com\/se\/wp-json\/wp\/v2\/categories?post=360046"},{"taxonomy":"post_tag","embeddable":true,"href":"https:\/\/www.europesays.com\/se\/wp-json\/wp\/v2\/tags?post=360046"}],"curies":[{"name":"wp","href":"https:\/\/api.w.org\/{rel}","templated":true}]}}