{"id":360052,"date":"2026-09-01T05:13:20","date_gmt":"2026-09-01T05:13:20","guid":{"rendered":"https:\/\/www.europesays.com\/se\/360052\/"},"modified":"2026-09-01T05:13:20","modified_gmt":"2026-09-01T05:13:20","slug":"hollywood-stjarnan-gillian-andersson-blir-ny-agare-i-fc-rosengard","status":"publish","type":"post","link":"https:\/\/www.europesays.com\/se\/360052\/","title":{"rendered":"Hollywood-stj\u00e4rnan Gillian Andersson blir ny \u00e4gare i FC Roseng\u00e5rd"},"content":{"rendered":"<p>     <img alt=\"Gillian Anderson investerar i Crux Football som \u00e4ger FC Roseng\u00e5rd. Bild fr\u00e5n i juli.\" class=\"_image_1jxax_84 layout-component layout-wide\" data-fullscreen- data-track-element-type=\"Article image fullscreen\" data-track-name=\"ImageFullscreen\" fetchpriority=\"high\" decoding=\"sync\" loading=\"eager\" height=\"2196\" itemprop=\"image\"  src=\"https:\/\/www.europesays.com\/se\/wp-content\/uploads\/2026\/09\/1788239600_716_39e46328-9eb8-353a-bb03-ec1cdeebaa86.jpeg\"  style=\"object-position:0% 0%\" width=\"3304\"\/>Gillian Anderson investerar i Crux Football som \u00e4ger FC Roseng\u00e5rd. Bild fr\u00e5n i juli.  Foto: Richard Shotwell\/AP\/TTVisa mer<\/p>\n<p class=\"_textTheme_4io5p_1 _lead_16k26_2 _lead_3ue4t_18 layout-component layout-normal layout-padded _lead_o6m9k_5 _leadTheme_cypwp_1 body-large bold\">\u201dArkiv X\u201d-stj\u00e4rnan Gillian Andersson k\u00f6per in sig i bland annat damallsvenska n\u00e4stjumbon FC Roseng\u00e5rd.<\/p>\n<p class=\"_textTheme_4io5p_1 _lead_16k26_2 _lead_3ue4t_18 layout-component layout-normal layout-padded _lead_o6m9k_5 _leadTheme_cypwp_1 body-large bold\">\u201dVi \u00e4r otroligt stolta\u201d, s\u00e4ger \u00e4garbolaget.<\/p>\n<p class=\"_textTheme_4io5p_1 _paragraph_16k26_4 _paragraph_3ue4t_27 layout-component layout-normal layout-padded body-medium\">Anderson \u00e4r den senaste i raden investerare i Crux Football som \u00e4ger delar av Roseng\u00e5rd och franska Montpellier, rapporterar <a href=\"https:\/\/www.sverigesradio.se\/artikel\/gillian-anderson-koper-in-sig-i-fc-rosengard\" class=\"_link_16k26_32\" rel=\"nofollow noopener\" target=\"_blank\">Radiosporten<\/a>.<\/p>\n<p class=\"_textTheme_4io5p_1 _paragraph_16k26_4 _paragraph_3ue4t_27 layout-component layout-normal layout-padded body-medium\">\u201dI alla diskussioner har Gillian delat ett djupt engagemang f\u00f6r att st\u00e4rka kvinnor och flickor och en stark tro p\u00e5 kraften av ber\u00e4ttande f\u00f6r att \u00e4ndra uppfattningar\u201d, skriver Crux Football p\u00e5 Instagram.<\/p>\n<p> Annons     <\/p>\n","protected":false},"excerpt":{"rendered":"Gillian Anderson investerar i Crux Football som \u00e4ger FC Roseng\u00e5rd. Bild fr\u00e5n i juli. Foto: Richard Shotwell\/AP\/TTVisa mer&hellip;\n","protected":false},"author":2,"featured_media":360053,"comment_status":"","ping_status":"","sticky":false,"template":"","format":"standard","meta":{"footnotes":"","_share_on_mastodon":"0"},"categories":[5],"tags":[22,23,1614,26,27,138,17,21,24,25,28,29,15,16,2239,18,34,31,33,32,30,19,20],"class_list":["post-360052","post","type-post","status-publish","format-standard","has-post-thumbnail","category-rubriker","tag-breaking-news","tag-breakingnews","tag-fc-rosengard","tag-featured-news","tag-featurednews","tag-fotboll","tag-headlines","tag-huvudnyheter","tag-latest-news","tag-latestnews","tag-main-news","tag-mainnews","tag-news","tag-nyheter","tag-obos-damallsvenskan-i-fotboll","tag-rubriker","tag-se","tag-svenska","tag-sverige","tag-sweden","tag-swedish","tag-top-stories","tag-topstories"],"share_on_mastodon":{"url":"https:\/\/pubeurope.com\/@se\/117194078417525929","error":""},"_links":{"self":[{"href":"https:\/\/www.europesays.com\/se\/wp-json\/wp\/v2\/posts\/360052","targetHints":{"allow":["GET"]}}],"collection":[{"href":"https:\/\/www.europesays.com\/se\/wp-json\/wp\/v2\/posts"}],"about":[{"href":"https:\/\/www.europesays.com\/se\/wp-json\/wp\/v2\/types\/post"}],"author":[{"embeddable":true,"href":"https:\/\/www.europesays.com\/se\/wp-json\/wp\/v2\/users\/2"}],"replies":[{"embeddable":true,"href":"https:\/\/www.europesays.com\/se\/wp-json\/wp\/v2\/comments?post=360052"}],"version-history":[{"count":0,"href":"https:\/\/www.europesays.com\/se\/wp-json\/wp\/v2\/posts\/360052\/revisions"}],"wp:featuredmedia":[{"embeddable":true,"href":"https:\/\/www.europesays.com\/se\/wp-json\/wp\/v2\/media\/360053"}],"wp:attachment":[{"href":"https:\/\/www.europesays.com\/se\/wp-json\/wp\/v2\/media?parent=360052"}],"wp:term":[{"taxonomy":"category","embeddable":true,"href":"https:\/\/www.europesays.com\/se\/wp-json\/wp\/v2\/categories?post=360052"},{"taxonomy":"post_tag","embeddable":true,"href":"https:\/\/www.europesays.com\/se\/wp-json\/wp\/v2\/tags?post=360052"}],"curies":[{"name":"wp","href":"https:\/\/api.w.org\/{rel}","templated":true}]}}