{"id":360102,"date":"2026-09-01T05:57:18","date_gmt":"2026-09-01T05:57:18","guid":{"rendered":"https:\/\/www.europesays.com\/se\/360102\/"},"modified":"2026-09-01T05:57:18","modified_gmt":"2026-09-01T05:57:18","slug":"trumps-stod-pa-bottenniva-affarsvarlden","status":"publish","type":"post","link":"https:\/\/www.europesays.com\/se\/360102\/","title":{"rendered":"Trumps st\u00f6d p\u00e5 bottenniv\u00e5 | Aff\u00e4rsv\u00e4rlden"},"content":{"rendered":"<p>Det visar en m\u00e4tning fr\u00e5n Reuters\/Ipsos.<\/p>\n<p>Inf\u00f6r mellan\u00e5rsvalet den 3 november uppger 46 procent av demokraterna att de \u00e4r mycket entusiastiska \u00f6ver att r\u00f6sta, mot 31 procent av republikanerna. Samtidigt \u00e4r 71 procent missn\u00f6jda med <strong>Trumps<\/strong> hantering av levnadskostnaderna och endast 36 procent st\u00f6der kriget mot Iran.<\/p>\n<p>M\u00e4tningen omfattade 1 167 vuxna amerikaner och har en felmarginal p\u00e5 3 procentenheter.<\/p>\n","protected":false},"excerpt":{"rendered":"Det visar en m\u00e4tning fr\u00e5n Reuters\/Ipsos. Inf\u00f6r mellan\u00e5rsvalet den 3 november uppger 46 procent av demokraterna att de&hellip;\n","protected":false},"author":2,"featured_media":360103,"comment_status":"","ping_status":"","sticky":false,"template":"","format":"standard","meta":{"footnotes":"","_share_on_mastodon":"0"},"categories":[14],"tags":[22,23,26,27,17,21,24,25,28,29,15,16,18,34,31,33,32,30,19,20,51,52,53,54],"class_list":["post-360102","post","type-post","status-publish","format-standard","has-post-thumbnail","category-varlden","tag-breaking-news","tag-breakingnews","tag-featured-news","tag-featurednews","tag-headlines","tag-huvudnyheter","tag-latest-news","tag-latestnews","tag-main-news","tag-mainnews","tag-news","tag-nyheter","tag-rubriker","tag-se","tag-svenska","tag-sverige","tag-sweden","tag-swedish","tag-top-stories","tag-topstories","tag-varlden","tag-world","tag-world-news","tag-worldnews"],"share_on_mastodon":{"url":"https:\/\/pubeurope.com\/@se\/117194250530123203","error":""},"_links":{"self":[{"href":"https:\/\/www.europesays.com\/se\/wp-json\/wp\/v2\/posts\/360102","targetHints":{"allow":["GET"]}}],"collection":[{"href":"https:\/\/www.europesays.com\/se\/wp-json\/wp\/v2\/posts"}],"about":[{"href":"https:\/\/www.europesays.com\/se\/wp-json\/wp\/v2\/types\/post"}],"author":[{"embeddable":true,"href":"https:\/\/www.europesays.com\/se\/wp-json\/wp\/v2\/users\/2"}],"replies":[{"embeddable":true,"href":"https:\/\/www.europesays.com\/se\/wp-json\/wp\/v2\/comments?post=360102"}],"version-history":[{"count":0,"href":"https:\/\/www.europesays.com\/se\/wp-json\/wp\/v2\/posts\/360102\/revisions"}],"wp:featuredmedia":[{"embeddable":true,"href":"https:\/\/www.europesays.com\/se\/wp-json\/wp\/v2\/media\/360103"}],"wp:attachment":[{"href":"https:\/\/www.europesays.com\/se\/wp-json\/wp\/v2\/media?parent=360102"}],"wp:term":[{"taxonomy":"category","embeddable":true,"href":"https:\/\/www.europesays.com\/se\/wp-json\/wp\/v2\/categories?post=360102"},{"taxonomy":"post_tag","embeddable":true,"href":"https:\/\/www.europesays.com\/se\/wp-json\/wp\/v2\/tags?post=360102"}],"curies":[{"name":"wp","href":"https:\/\/api.w.org\/{rel}","templated":true}]}}