{"id":360110,"date":"2026-09-01T06:05:14","date_gmt":"2026-09-01T06:05:14","guid":{"rendered":"https:\/\/www.europesays.com\/se\/360110\/"},"modified":"2026-09-01T06:05:14","modified_gmt":"2026-09-01T06:05:14","slug":"rekordar-for-tjocka-papegojan","status":"publish","type":"post","link":"https:\/\/www.europesays.com\/se\/360110\/","title":{"rendered":"Rekord\u00e5r f\u00f6r tjocka papegojan"},"content":{"rendered":"<p>   <img alt=\"Totalt finns nu 325 vilda ugglepapegojor \u2013 det st\u00f6rsta antalet sedan insatser f\u00f6r att r\u00e4dda arten startade 1995. Arkivbild\" class=\"_image_1jxax_84 layout-component layout-wide\" data-fullscreen- data-track-element-type=\"Article image fullscreen\" data-track-name=\"ImageFullscreen\" fetchpriority=\"high\" decoding=\"sync\" loading=\"eager\" height=\"3000\" itemprop=\"image\"  src=\"https:\/\/www.europesays.com\/se\/wp-content\/uploads\/2026\/09\/1ae971fa-3b4a-3a2e-8f0a-a0532065382c.jpeg\"  style=\"object-position:0% 0%\" width=\"4000\"\/>Totalt finns nu 325 vilda ugglepapegojor \u2013 det st\u00f6rsta antalet sedan insatser f\u00f6r att r\u00e4dda arten startade 1995. Arkivbild  Foto: Totalt finns nu 325 vilda ugglepapegojor \u2013 det st\u00f6rsta antalet sedan insatser f\u00f6r att r\u00e4dda arten startade 1995. ArkivbildVisa mer<\/p>\n<p class=\"_textTheme_4io5p_1 _lead_16k26_2 _lead_3ue4t_18 layout-component layout-normal layout-padded _lead_o6m9k_5 _leadTheme_cypwp_1 body-large bold\">Det v\u00e5ras f\u00f6r \u201dv\u00e4rldens tjockaste\u201d papegoja. F\u00f6r f\u00f6rsta g\u00e5ngen p\u00e5 75 \u00e5r finns nu \u00f6ver 300 ugglepapegojor i Nya Zeeland.<\/p>\n<p class=\"_textTheme_4io5p_1 _paragraph_16k26_4 _paragraph_3ue4t_27 layout-component layout-normal layout-padded body-medium\">Den nyzeel\u00e4ndska ugglepapegojan (k\u0101k\u0101p\u014d) parar sig bara vartannat till vart fj\u00e4rde \u00e5r, n\u00e4r ett visst typ av tr\u00e4d b\u00e4r frukt, och n\u00e4r v\u00e5ren nu nalkas har 90 kycklingar kl\u00e4ckts. Totalt finns nu 325 vilda ugglepapegojor \u2013 det st\u00f6rsta antalet sedan insatser f\u00f6r att r\u00e4dda arten startade 1995, skriver <a href=\"https:\/\/www.theguardian.com\/world\/2026\/sep\/01\/record-breeding-worlds-heaviest-parrot-nz-endangered-kakapo\" class=\"_link_16k26_32\" rel=\"nofollow noopener\" target=\"_blank\">The Guardian<\/a>.<\/p>\n<p class=\"_textTheme_4io5p_1 _paragraph_16k26_4 _paragraph_3ue4t_27 layout-component layout-normal layout-padded body-medium\">De gr\u00f6na f\u00e5glarna kan bli 80 \u00e5r och v\u00e4ger uppemot fyra kilo. Det \u00e4r den enda typen av papegoja som inte kan flyga och har d\u00e4rf\u00f6r varit h\u00e5rt ansatta av introducerade rovdjur som katter och hermeliner.<\/p>\n<p class=\"_textTheme_4io5p_1 _paragraph_16k26_4 _paragraph_3ue4t_27 layout-component layout-normal layout-padded body-medium\">De finns nu bara p\u00e5 rovdjursfria \u00f6ar utanf\u00f6r den s\u00f6dra \u00f6ns kust.<\/p>\n","protected":false},"excerpt":{"rendered":"Totalt finns nu 325 vilda ugglepapegojor \u2013 det st\u00f6rsta antalet sedan insatser f\u00f6r att r\u00e4dda arten startade 1995.&hellip;\n","protected":false},"author":2,"featured_media":360111,"comment_status":"","ping_status":"","sticky":false,"template":"","format":"standard","meta":{"footnotes":"","_share_on_mastodon":"0"},"categories":[14],"tags":[27244,22,23,26,27,17,21,24,25,28,29,15,16,18,34,31,33,32,30,19,20,51,52,53,54],"class_list":["post-360110","post","type-post","status-publish","format-standard","has-post-thumbnail","category-varlden","tag-abtt-ettan","tag-breaking-news","tag-breakingnews","tag-featured-news","tag-featurednews","tag-headlines","tag-huvudnyheter","tag-latest-news","tag-latestnews","tag-main-news","tag-mainnews","tag-news","tag-nyheter","tag-rubriker","tag-se","tag-svenska","tag-sverige","tag-sweden","tag-swedish","tag-top-stories","tag-topstories","tag-varlden","tag-world","tag-world-news","tag-worldnews"],"share_on_mastodon":{"url":"","error":""},"_links":{"self":[{"href":"https:\/\/www.europesays.com\/se\/wp-json\/wp\/v2\/posts\/360110","targetHints":{"allow":["GET"]}}],"collection":[{"href":"https:\/\/www.europesays.com\/se\/wp-json\/wp\/v2\/posts"}],"about":[{"href":"https:\/\/www.europesays.com\/se\/wp-json\/wp\/v2\/types\/post"}],"author":[{"embeddable":true,"href":"https:\/\/www.europesays.com\/se\/wp-json\/wp\/v2\/users\/2"}],"replies":[{"embeddable":true,"href":"https:\/\/www.europesays.com\/se\/wp-json\/wp\/v2\/comments?post=360110"}],"version-history":[{"count":0,"href":"https:\/\/www.europesays.com\/se\/wp-json\/wp\/v2\/posts\/360110\/revisions"}],"wp:featuredmedia":[{"embeddable":true,"href":"https:\/\/www.europesays.com\/se\/wp-json\/wp\/v2\/media\/360111"}],"wp:attachment":[{"href":"https:\/\/www.europesays.com\/se\/wp-json\/wp\/v2\/media?parent=360110"}],"wp:term":[{"taxonomy":"category","embeddable":true,"href":"https:\/\/www.europesays.com\/se\/wp-json\/wp\/v2\/categories?post=360110"},{"taxonomy":"post_tag","embeddable":true,"href":"https:\/\/www.europesays.com\/se\/wp-json\/wp\/v2\/tags?post=360110"}],"curies":[{"name":"wp","href":"https:\/\/api.w.org\/{rel}","templated":true}]}}