{"id":360118,"date":"2026-09-01T06:10:37","date_gmt":"2026-09-01T06:10:37","guid":{"rendered":"https:\/\/www.europesays.com\/se\/360118\/"},"modified":"2026-09-01T06:10:37","modified_gmt":"2026-09-01T06:10:37","slug":"little-jinder-och-jonatan-unge-har-gjort-slut","status":"publish","type":"post","link":"https:\/\/www.europesays.com\/se\/360118\/","title":{"rendered":"Little Jinder och Jonatan Unge har gjort slut"},"content":{"rendered":"<p>   \u201d\u00c4r j\u00e4ttetrist\u201d<a class=\"_link_1lr5y_108\" href=\"https:\/\/aftonbladet.se\/av\/linn-elmervik\" title=\"Linn Elmervik\" rel=\"nofollow noopener\" target=\"_blank\"><img alt=\"Bild av Linn Elmervik\" class=\"_image_1lr5y_85\" fetchpriority=\"low\" decoding=\"async\" itemprop=\"image\" loading=\"lazy\"  src=\"https:\/\/www.europesays.com\/se\/wp-content\/uploads\/2026\/09\/94ed2225-2b42-4524-bc76-5423de3d2e9b.png\"  width=\"480\"\/><\/a> <img alt=\"Josefine \u201dLittle Jinder\u201d Jinder.\" class=\"_image_1jxax_84 layout-component layout-wide\" data-fullscreen- data-track-element-type=\"Article image fullscreen\" data-track-name=\"ImageFullscreen\" fetchpriority=\"high\" decoding=\"sync\" loading=\"eager\" height=\"5378\" itemprop=\"image\"  src=\"https:\/\/www.europesays.com\/se\/wp-content\/uploads\/2026\/09\/f5c114ba-f8af-3f79-95e0-cbfd8e6ec697.jpeg\"  style=\"object-position:0% 0%\" width=\"7171\"\/>Josefine \u201dLittle Jinder\u201d Jinder.  Foto: Lotte FernvallVisa mer<\/p>\n<p class=\"_textTheme_4io5p_1 _lead_16k26_2 _lead_3ue4t_18 layout-component layout-normal layout-padded _lead_o6m9k_5 _leadTheme_cypwp_1 body-large bold\">K\u00e4rleken \u00e4r \u00f6ver mellan Josefine Jinder och Jonatan Unge.<\/p>\n<p class=\"_textTheme_4io5p_1 _lead_16k26_2 _lead_3ue4t_18 layout-component layout-normal layout-padded _lead_o6m9k_5 _leadTheme_cypwp_1 body-large bold\">F\u00f6r H\u00e4nt ber\u00e4ttar komikern att han och artisten gjort slut. <\/p>\n<p class=\"_textTheme_4io5p_1 _paragraph_16k26_4 _paragraph_3ue4t_27 layout-component layout-normal layout-padded body-medium\"><a href=\"https:\/\/aftonbladet.se\/a\/xmxABB\" data-track-element-type=\"Link\" data-track-id=\"link:xmxABB\" class=\"_link_16k26_32\" rel=\"nofollow noopener\" target=\"_blank\">De ber\u00e4ttade om relationen<\/a> i november f\u00f6rra \u00e5ret. <\/p>\n<p class=\"_textTheme_4io5p_1 _paragraph_16k26_4 _paragraph_3ue4t_27 layout-component layout-normal layout-padded body-medium\">Nu \u00e4r f\u00f6rh\u00e5llandet mellan <strong class=\"_strong_16k26_20\">Josefine \u201dLittle Jinder\u201d Jinder<\/strong>, 38, och <strong class=\"_strong_16k26_20\">Jonatan Unge<\/strong>, 47, avslutat.<\/p>\n<p class=\"_textTheme_4io5p_1 _paragraph_16k26_4 _paragraph_3ue4t_27 layout-component layout-normal layout-padded body-medium\"><a href=\"https:\/\/www.hant.se\/noje\/jonatan-unge-om-uppbrottet-med-little-jinder\/11588295\" class=\"_link_16k26_32\" rel=\"nofollow noopener\" target=\"_blank\">N\u00e4r H\u00e4nt<\/a> p\u00e5 Kristallengalans r\u00f6da matta fr\u00e5gar Unge om han och Jinder fortfarande kilar stadigt blir svaret:<\/p>\n<p class=\"_textTheme_4io5p_1 _paragraph_16k26_4 _paragraph_3ue4t_27 layout-component layout-normal layout-padded body-medium\">\u2013 Nej, det g\u00f6r vi inte l\u00e4ngre.<\/p>\n<p class=\"_textTheme_4io5p_1 _paragraph_16k26_4 _paragraph_3ue4t_27 layout-component layout-normal layout-padded body-medium\">Han uppger att han m\u00e5ende \u00e4r \u201dtv\u00e5 plus\u201d.<\/p>\n<p class=\"_textTheme_4io5p_1 _paragraph_16k26_4 _paragraph_3ue4t_27 layout-component layout-normal layout-padded body-medium\">\u2013 Det \u00e4r j\u00e4ttetrist, s\u00e4ger han.<\/p>\n<p> <img alt=\"Jonatan Unge.\" class=\"_image_1jxax_84 layout-component layout-normal\" data-fullscreen- data-track-element-type=\"Article image fullscreen\" data-track-name=\"ImageFullscreen\" decoding=\"async\" loading=\"lazy\" height=\"4160\" itemprop=\"image\"  src=\"https:\/\/www.europesays.com\/se\/wp-content\/uploads\/2026\/09\/556e11bf-342a-3c01-81cf-cc2d47a3a61d.jpeg\"  style=\"object-position:0% 0%\" width=\"6240\"\/>Jonatan Unge. Foto: S\u00f6ren Andersson\/ TT \/ TT NYHETSBYR\u00c5N Visa mer Dejtar inte <\/p>\n<p class=\"_textTheme_4io5p_1 _paragraph_16k26_4 _paragraph_3ue4t_27 layout-component layout-normal layout-padded body-medium\">Komikern s\u00e4ger att han inte dejtar n\u00e5got just nu eftersom han har fullt upp med familjelivet. <\/p>\n<p class=\"_textTheme_4io5p_1 _paragraph_16k26_4 _paragraph_3ue4t_27 layout-component layout-normal layout-padded body-medium\">\u2013 Jag har barn varje vecka.<\/p>\n<p class=\"_textTheme_4io5p_1 _paragraph_16k26_4 _paragraph_3ue4t_27 layout-component layout-normal layout-padded body-medium\">Josefine Jinder har tidigare ber\u00e4ttat att hon fick upp \u00f6gonen f\u00f6r Jonatan Unge flera \u00e5r innan de blev ett par. <\/p>\n<p class=\"_textTheme_4io5p_1 _paragraph_16k26_4 _paragraph_3ue4t_27 layout-component layout-normal layout-padded body-medium\">\u2013 Jag ska inte tala f\u00f6r honom men jag k\u00e4nde nog att efter vi hade tr\u00e4ffats s\u00e5 visste jag typ att det h\u00e4r \u00e4r n\u00e5gonting. Jag var v\u00e4l ihop med n\u00e5gon som vanligt. Sedan s\u00e5 r\u00e5kade det vara s\u00e5 att vi var singlar samtidigt, sa hon till Aftonbladet i vintras.<\/p>\n","protected":false},"excerpt":{"rendered":"\u201d\u00c4r j\u00e4ttetrist\u201d Josefine \u201dLittle Jinder\u201d Jinder. Foto: Lotte FernvallVisa mer K\u00e4rleken \u00e4r \u00f6ver mellan Josefine Jinder och Jonatan&hellip;\n","protected":false},"author":2,"featured_media":360119,"comment_status":"","ping_status":"","sticky":false,"template":"","format":"standard","meta":{"footnotes":"","_share_on_mastodon":"0"},"categories":[67],"tags":[104,41069,41068,34,31,33,32,30,105],"class_list":["post-360118","post","type-post","status-publish","format-standard","has-post-thumbnail","category-underhallning","tag-entertainment","tag-jonatan-unge","tag-little-jinder","tag-se","tag-svenska","tag-sverige","tag-sweden","tag-swedish","tag-underhallning"],"share_on_mastodon":{"url":"https:\/\/pubeurope.com\/@se\/117194302338329694","error":""},"_links":{"self":[{"href":"https:\/\/www.europesays.com\/se\/wp-json\/wp\/v2\/posts\/360118","targetHints":{"allow":["GET"]}}],"collection":[{"href":"https:\/\/www.europesays.com\/se\/wp-json\/wp\/v2\/posts"}],"about":[{"href":"https:\/\/www.europesays.com\/se\/wp-json\/wp\/v2\/types\/post"}],"author":[{"embeddable":true,"href":"https:\/\/www.europesays.com\/se\/wp-json\/wp\/v2\/users\/2"}],"replies":[{"embeddable":true,"href":"https:\/\/www.europesays.com\/se\/wp-json\/wp\/v2\/comments?post=360118"}],"version-history":[{"count":0,"href":"https:\/\/www.europesays.com\/se\/wp-json\/wp\/v2\/posts\/360118\/revisions"}],"wp:featuredmedia":[{"embeddable":true,"href":"https:\/\/www.europesays.com\/se\/wp-json\/wp\/v2\/media\/360119"}],"wp:attachment":[{"href":"https:\/\/www.europesays.com\/se\/wp-json\/wp\/v2\/media?parent=360118"}],"wp:term":[{"taxonomy":"category","embeddable":true,"href":"https:\/\/www.europesays.com\/se\/wp-json\/wp\/v2\/categories?post=360118"},{"taxonomy":"post_tag","embeddable":true,"href":"https:\/\/www.europesays.com\/se\/wp-json\/wp\/v2\/tags?post=360118"}],"curies":[{"name":"wp","href":"https:\/\/api.w.org\/{rel}","templated":true}]}}