{"id":360128,"date":"2026-09-01T06:21:25","date_gmt":"2026-09-01T06:21:25","guid":{"rendered":"https:\/\/www.europesays.com\/se\/360128\/"},"modified":"2026-09-01T06:21:25","modified_gmt":"2026-09-01T06:21:25","slug":"senaste-nytt-snabba-nyheter-fran-aftonbladet-291","status":"publish","type":"post","link":"https:\/\/www.europesays.com\/se\/360128\/","title":{"rendered":"Senaste nytt \u2013 snabba nyheter fr\u00e5n Aftonbladet"},"content":{"rendered":"<p><img decoding=\"async\" src=\"https:\/\/www.europesays.com\/se\/wp-content\/uploads\/2026\/09\/0c488a4b88e17d4cdff7e17364c0b276.jpg\" class=\"thumbnail-image_fbfd\" alt=\"H\u00e4ng med Radio Aftonbladet\"\/><\/p>\n<p>H\u00e4ng med Radio Aftonbladet<\/p>\n<p>0<\/p>\n<ul class=\"hyperion-css-88kmbp\">\n<li class=\"hyperion-css-100j4g8\" data-entry-tags=\"\" data-testid=\"liveblog-entry\">\n<p>\u00d6ver tusen d\u00f6da i \u00f6versv\u00e4mningar<\/p>\n<p class=\"hyperion-css-mtu8ek\">\u00d6ver 1 000 personer har nu bekr\u00e4ftats d\u00f6da och \u00f6ver 4 400 m\u00e4nniskor \u00e4r fortsatt f\u00f6rsvunna, skriver CNN. <\/p>\n<p class=\"hyperion-css-mtu8ek\">Enligt Nepals statliga katastrofmyndighet \u00e4r d\u00f6dssiffran i landet 987 p\u00e5 tisdagsmorgonen och 3 916 saknas.<\/p>\n<\/li>\n<li class=\"hyperion-css-100j4g8\" data-entry-tags=\"\" data-testid=\"liveblog-entry\">\n<p>En d\u00f6d i villabrand<\/p>\n<p>En d\u00f6d i villabrand<\/p>\n<p class=\"hyperion-css-mtu8ek\">En person har hittats d\u00f6d i en villa som totalf\u00f6rst\u00f6rdes i en brand i Smedjebackens kommun natten mot fredagen.<\/p>\n<p class=\"hyperion-css-mtu8ek\">Larmet om branden kom in vid 23-tiden p\u00e5 torsdagskv\u00e4llen. Brandorsaken \u00e4r fortsatt oklar, enligt polisen.<\/p>\n<p class=\"hyperion-css-mtu8ek\">En f\u00f6runders\u00f6kning om mordbrand p\u00e5g\u00e5r och ingen \u00e4r misst\u00e4nkt i nul\u00e4get.<\/p>\n<\/li>\n<li class=\"hyperion-css-100j4g8\" data-entry-tags=\"\" data-testid=\"liveblog-entry\">\n<p>Man livshotande skadad i elsparksolycka<\/p>\n<p>Man livshotande skadad i elsparksolycka<\/p>\n<p class=\"hyperion-css-mtu8ek\">En man i 20-\u00e5rs\u00e5ldern har k\u00f6rt om kull p\u00e5 en elsparkcykel i Helsingborg, uppger polisen.<\/p>\n<p class=\"hyperion-css-mtu8ek\">Olyckan intr\u00e4ffade vid 01.30-tiden.<\/p>\n<p class=\"hyperion-css-mtu8ek\">Mannen f\u00f6rdes d\u00e5 till sjukhus i ambulans. Enligt region sk\u00e5ne har han livshotande skador.<\/p>\n<\/li>\n<li class=\"hyperion-css-100j4g8\" data-entry-tags=\"\" data-testid=\"liveblog-entry\">\n<p>Kattunge f\u00f6rsvann \u2013 slutade i kattastrof<\/p>\n<p>Kattunge f\u00f6rsvann \u2013 slutade i kattastrof<\/p>\n<p class=\"hyperion-css-mtu8ek\">En kvinna i 50-\u00e5rs\u00e5ldern misst\u00e4nks f\u00f6r grov misshandel av en man i 55-\u00e5rs\u00e5ldern i Filipstad.<\/p>\n<p class=\"hyperion-css-mtu8ek\">Enligt polisen ska kvinnan under natten till m\u00e5ndagen ha slagit s\u00f6nder en ruta till en fastighet i Filipstad och d\u00e4refter tagit med sig en kattunge fr\u00e5n mannens bostad. Den egentliga katt\u00e4garen s\u00f6kte d\u00e4refter upp kvinnan och ett br\u00e5k uppstod.<\/p>\n<p class=\"hyperion-css-mtu8ek\">Kvinnan greps. Under natten har polisen genomf\u00f6rt f\u00f6rh\u00f6r, tagit f\u00f6rem\u00e5l i beslag och s\u00e4krat andra sp\u00e5r.<\/p>\n<\/li>\n<li class=\"hyperion-css-100j4g8\" data-entry-tags=\"\" data-testid=\"liveblog-entry\">\n<p>SD-ledamot f\u00f6ljde konto som delar nazistsymboler<\/p>\n<p>SD-ledamot f\u00f6ljde konto som delar nazistsymboler<\/p>\n<p class=\"hyperion-css-mtu8ek\">Riksdagsledamoten Victoria Tiblom har f\u00f6ljt ett konto som vid flera tillf\u00e4llen delat nazistiska symboler p\u00e5 sociala medier, visar en granskning fr\u00e5n <a href=\"https:\/\/www.sverigesradio.se\/artikel\/riksdagsledamot-foljde-tiktok-konto-som-delar-nazist-symboler\" rel=\"noopener nofollow\" target=\"_blank\">P3 Nyheter<\/a>.<\/p>\n<p class=\"hyperion-css-mtu8ek\">Hon skriver i ett mejl till kanalen att hon inte sett inl\u00e4ggen, inte h\u00e5ller med om budskapen och inte kan ta ansvar f\u00f6r vad andra delar. Hon har nu slutat f\u00f6lja kontot.<\/p>\n<p class=\"hyperion-css-mtu8ek\">Granskningen visar att liknande Tiktok-konton \u00e4ven har f\u00f6ljare bland flera SD-politiker p\u00e5 kommunniv\u00e5 och f\u00f6retr\u00e4dare f\u00f6r partiets lokala f\u00f6rbund. En liberal kommunpolitiker och en lokalavdelning inom Moderata ungdomsf\u00f6rbundet f\u00f6ljer ocks\u00e5 h\u00f6gerextrema konton.<\/p>\n<p class=\"hyperion-css-mtu8ek\">Aftonbladet har s\u00f6kt Victoria Tiblom.<\/p>\n<\/li>\n<\/ul>\n<p>Visa fler inl\u00e4gg<\/p>\n<p class=\"hyperion-css-1v9qo5x\"><strong>ANNONS<\/strong><\/p>\n<p><img decoding=\"async\" src=\"https:\/\/www.europesays.com\/se\/wp-content\/uploads\/2026\/09\/1788243684_70_08dc0845e6a953a0a7738852f6bdde21.jpg\" class=\"thumbnail-image_fbfd\" alt=\"Radio Aftonbladet\"\/>Tipsa\u00a0oss<\/p>\n<p class=\"hyperion-css-1v9qo5x\">check <strong>Vet du mer? Har du ett nyhetstips?<\/strong><\/p>\n<p>expand-left<\/p>\n<p>helsk\u00e4rm<img decoding=\"async\" class=\"image-asset hyperion-css-u06ts1\" data-test-tag=\"image-asset\" src=\"https:\/\/www.europesays.com\/se\/wp-content\/uploads\/2026\/09\/1788243685_564_34d76523-28e5-4fbc-8563-7913aaac9919.jpeg\"  alt=\"\"  loading=\"eager\" fetchpriority=\"high\" style=\"aspect-ratio:1900 \/ 1267\"\/> Foto: Emma-Sofia Olsson \/ Schibsted<\/p>\n<p class=\"hyperion-css-1v9qo5x\">check<strong> Om Tipsa!<\/strong><br \/>P\u00e5 Aftonbladet s\u00f6ker vi st\u00e4ndigt efter nya vinklar. Och som l\u00e4sare \u00e4r du en viktig del av v\u00e5rt nyhetsarbete. Med v\u00e5r tj\u00e4nst Tipsa! kan du l\u00e4tt skicka in tips, bilder och video. I v\u00e5ra appar kan vi dessutom n\u00e5 dig med lokala push-notiser och efterlysningar.<br \/><strong>\u00a0<\/strong><br \/>check<strong> Vad h\u00e4nder med mitt tips?<\/strong><br \/>Vi l\u00e4ser alla tips som skickas. Om vi bed\u00f6mer ditt tips som intressant tar vi kontakt med dig via de kontaktv\u00e4gar du l\u00e4mnat. N\u00e4r du skickar din bild eller film till Aftonbladet ger du samtidigt ditt tillst\u00e5nd till publicering.<br \/>\u00a0<br \/>check<strong> Hur skyddas mina uppgifter?<\/strong><br \/>Aftonbladet garanterar alla tipsare k\u00e4llskydd, en grundlagsskyddad r\u00e4ttighet enligt Tryckfrihetsf\u00f6rordningen. Alla tips skickas krypterade. Din identitet \u00e4r skyddad hos oss men redaktionen kan komma att kontakta dig f\u00f6r ytterligare information kring ditt tips. <\/p>\n<p class=\"hyperion-css-1v9qo5x\">Vill du vara anonym ocks\u00e5 f\u00f6r redaktionen finns det flera andra v\u00e4gar att kontakta oss: du kan ringa fr\u00e5n ett dolt nummer eller maila oss fr\u00e5n en tillf\u00e4llig e-postadress, t ex hotmail eller gmail.<br \/><strong>\u00a0 <\/strong><br \/>check<strong> F\u00e5r jag ers\u00e4ttning?<\/strong><br \/>Aftonbladet betalar alltid f\u00f6r publicerade nyhetstips och nyhetsbilder\/filmer som du \u00e4ger eller har r\u00e4tt att s\u00e4lja. Vi betalar bara till den som \u00e4r f\u00f6rst med tipset eller till den som har ny information om en nyhet.<\/p>\n<p class=\"hyperion-css-1v9qo5x\">Beslut om ers\u00e4ttning ska utg\u00e5 best\u00e4ms av tj\u00e4nstg\u00f6rande nyhetschef i samband med att tipset l\u00e4mnas. Vi ers\u00e4tter inte nyhetstips retroaktivt.<\/p>\n<p class=\"hyperion-css-1v9qo5x\">Storleken p\u00e5 ers\u00e4ttningen beror bland annat p\u00e5 dignitet eller hur unik nyheten \u00e4r och vad den tillf\u00f6r rapporteringen.<\/p>\n<p class=\"hyperion-css-1v9qo5x\">N\u00e4r vi efterlyser bilder av mer allm\u00e4n karakt\u00e4r, t ex sommarbilder, som inte ing\u00e5r i en nyhetsrapportering, utg\u00e5r ingen ers\u00e4ttning.<\/p>\n<p class=\"hyperion-css-1v9qo5x\">N\u00e4r du skickar din bild till Aftonbladet ger du samtidigt ditt tillst\u00e5nd till publicering\/publiceringar.<br \/><strong>\u00a0<\/strong><br \/>check<strong> Jag blev lovad ers\u00e4ttning. N\u00e4r f\u00e5r jag pengarna?<\/strong><br \/>Arvoden f\u00f6r publicerade nyhetstips, bilder eller filmer betalas ut som l\u00f6n s\u00e5 snart som m\u00f6jligt.<br \/><strong>\u00a0<\/strong><br \/>check<strong> V\u00e5ra appar<\/strong><br \/>Tack vare platstj\u00e4nsten geolokalisering kan du i v\u00e5ra appar f\u00e5 push-notiser med lokala nyheter om h\u00e4ndelser just d\u00e4r du befinner dig.<\/p>\n<p class=\"hyperion-css-1v9qo5x\">N\u00e4r en st\u00f6rre nyhetsh\u00e4ndelse intr\u00e4ffat i din n\u00e4rhet skickas en push-notis till dig n\u00e4r du anv\u00e4nder Tipsa!<\/p>\n<p class=\"hyperion-css-1v9qo5x\">Vi kan samtidigt efterlysa din hj\u00e4lp i nyhetsrapporteringen. Med dina egna bilder och upplysningar \u2013 fr\u00e5n d\u00e4r det h\u00e4nder, n\u00e4r det h\u00e4nder.<\/p>\n<p class=\"hyperion-css-1v9qo5x\">Aftonbladets appar hittar du i<a aria-label=\" Appstore \" class=\"default hyperion-css-15jkft9\" href=\"https:\/\/itunes.apple.com\/se\/app\/aftonbladet\/id284962281?mt=8\/?requiredbrowser=external\" rel=\"noopener nofollow noreferrer\" data-test-tag=\"external-link\" target=\"_blank\"> Appstore <\/a>och<a aria-label=\" Google Play\" class=\"default hyperion-css-15jkft9\" href=\"https:\/\/play.google.com\/store\/apps\/details?id=se.aftonbladet.start&amp;requiredbrowser=external\" rel=\"noopener nofollow noreferrer\" data-test-tag=\"external-link\" target=\"_blank\"> Google Play<\/a>.<br \/><strong>\u00a0<\/strong><br \/>check<strong> Bra att t\u00e4nka p\u00e5<\/strong><\/p>\n<ul class=\"hyperion-css-e9gx76\" data-test-tag=\"list\">\n<li class=\"hyperion-css-1d843yr\">En nyhetsh\u00e4ndelse kan vara dramatisk. Se till att du aldrig \u00e4r i v\u00e4gen f\u00f6r r\u00e4ddningspersonal eller polis. Uts\u00e4tt inte dig sj\u00e4lv eller andra f\u00f6r n\u00e5gra risker. T\u00e4nk p\u00e5 den personliga integriteten. Var inte f\u00f6r n\u00e4rg\u00e5ngen utan h\u00e5ll dig p\u00e5 beh\u00f6rigt avst\u00e5nd.<\/li>\n<li class=\"hyperion-css-1d843yr\">En bra nyhetsbild eller film vill vi publicera direkt. Med appens hj\u00e4lp n\u00e5r du v\u00e5r nyhetsredaktion snabbast och din bild eller live-film kan publiceras p\u00e5 Aftonbladet inom n\u00e5gra minuter.<\/li>\n<li class=\"hyperion-css-1d843yr\">Allm\u00e4nna \u00e5sikter, teorier eller spekulationer \u00e4r inte nyhetstips.<\/li>\n<\/ul>\n","protected":false},"excerpt":{"rendered":"H\u00e4ng med Radio Aftonbladet 0 \u00d6ver tusen d\u00f6da i \u00f6versv\u00e4mningar \u00d6ver 1 000 personer har nu bekr\u00e4ftats d\u00f6da&hellip;\n","protected":false},"author":2,"featured_media":360129,"comment_status":"","ping_status":"","sticky":false,"template":"","format":"standard","meta":{"footnotes":"","_share_on_mastodon":"0"},"categories":[14],"tags":[22,23,26,27,17,21,24,25,28,29,15,16,18,34,31,33,32,30,19,20,51,52,53,54],"class_list":["post-360128","post","type-post","status-publish","format-standard","has-post-thumbnail","category-varlden","tag-breaking-news","tag-breakingnews","tag-featured-news","tag-featurednews","tag-headlines","tag-huvudnyheter","tag-latest-news","tag-latestnews","tag-main-news","tag-mainnews","tag-news","tag-nyheter","tag-rubriker","tag-se","tag-svenska","tag-sverige","tag-sweden","tag-swedish","tag-top-stories","tag-topstories","tag-varlden","tag-world","tag-world-news","tag-worldnews"],"share_on_mastodon":{"url":"https:\/\/pubeurope.com\/@se\/117194345526115449","error":""},"_links":{"self":[{"href":"https:\/\/www.europesays.com\/se\/wp-json\/wp\/v2\/posts\/360128","targetHints":{"allow":["GET"]}}],"collection":[{"href":"https:\/\/www.europesays.com\/se\/wp-json\/wp\/v2\/posts"}],"about":[{"href":"https:\/\/www.europesays.com\/se\/wp-json\/wp\/v2\/types\/post"}],"author":[{"embeddable":true,"href":"https:\/\/www.europesays.com\/se\/wp-json\/wp\/v2\/users\/2"}],"replies":[{"embeddable":true,"href":"https:\/\/www.europesays.com\/se\/wp-json\/wp\/v2\/comments?post=360128"}],"version-history":[{"count":0,"href":"https:\/\/www.europesays.com\/se\/wp-json\/wp\/v2\/posts\/360128\/revisions"}],"wp:featuredmedia":[{"embeddable":true,"href":"https:\/\/www.europesays.com\/se\/wp-json\/wp\/v2\/media\/360129"}],"wp:attachment":[{"href":"https:\/\/www.europesays.com\/se\/wp-json\/wp\/v2\/media?parent=360128"}],"wp:term":[{"taxonomy":"category","embeddable":true,"href":"https:\/\/www.europesays.com\/se\/wp-json\/wp\/v2\/categories?post=360128"},{"taxonomy":"post_tag","embeddable":true,"href":"https:\/\/www.europesays.com\/se\/wp-json\/wp\/v2\/tags?post=360128"}],"curies":[{"name":"wp","href":"https:\/\/api.w.org\/{rel}","templated":true}]}}