{"id":360138,"date":"2026-09-01T06:29:10","date_gmt":"2026-09-01T06:29:10","guid":{"rendered":"https:\/\/www.europesays.com\/se\/360138\/"},"modified":"2026-09-01T06:29:10","modified_gmt":"2026-09-01T06:29:10","slug":"flicka-misshandlad-i-ragsved-tva-tonaringar-gripna","status":"publish","type":"post","link":"https:\/\/www.europesays.com\/se\/360138\/","title":{"rendered":"Flicka misshandlad i R\u00e5gsved \u2013 tv\u00e5 ton\u00e5ringar gripna"},"content":{"rendered":"<p class=\"ort\">R\u00e5gsved<\/p>\n<p class=\"text\">Polispatruller larmades till R\u00e5gsved strax innan klockan 20 p\u00e5 m\u00e5ndagskv\u00e4llen efter larm om en p\u00e5g\u00e5ende misshandel.<\/p>\n<p class=\"text\">Enligt vittnen ska en flicka i ton\u00e5ren blivit misshandlad av flertalet personer i n\u00e4rheten av R\u00e5gsveds tunnelbanestation.<\/p>\n<p>Tv\u00e5 pojkar gripna<\/p>\n<p class=\"text\">P\u00e5 plats ska polisen ha sett hur tv\u00e5 pojkar i yngre ton\u00e5ren slog och sparkade p\u00e5 flickans huvud.<\/p>\n<p class=\"text\">Polisen griper d\u00e4refter tv\u00e5 pojkar i yngre ton\u00e5ren, misst\u00e4nkta f\u00f6r grov misshandel, skriver polisen p\u00e5 sin hemsida.<\/p>\n<p class=\"text\">Ambulans tillkallades till platsen f\u00f6r kontroll av flickan.<\/p>\n<p class=\"text\">Flera vittnen ska ha sett h\u00e4ndelsen, som ocks\u00e5 har f\u00e5ngats av polisens kameror.<\/p>\n","protected":false},"excerpt":{"rendered":"R\u00e5gsved Polispatruller larmades till R\u00e5gsved strax innan klockan 20 p\u00e5 m\u00e5ndagskv\u00e4llen efter larm om en p\u00e5g\u00e5ende misshandel. Enligt&hellip;\n","protected":false},"author":2,"featured_media":360139,"comment_status":"","ping_status":"","sticky":false,"template":"","format":"standard","meta":{"footnotes":"","_share_on_mastodon":"0"},"categories":[14],"tags":[22,23,26,27,17,21,24,25,28,29,15,16,18,34,31,33,32,30,19,20,51,52,53,54],"class_list":["post-360138","post","type-post","status-publish","format-standard","has-post-thumbnail","category-varlden","tag-breaking-news","tag-breakingnews","tag-featured-news","tag-featurednews","tag-headlines","tag-huvudnyheter","tag-latest-news","tag-latestnews","tag-main-news","tag-mainnews","tag-news","tag-nyheter","tag-rubriker","tag-se","tag-svenska","tag-sverige","tag-sweden","tag-swedish","tag-top-stories","tag-topstories","tag-varlden","tag-world","tag-world-news","tag-worldnews"],"share_on_mastodon":{"url":"https:\/\/pubeurope.com\/@se\/117194376252147916","error":""},"_links":{"self":[{"href":"https:\/\/www.europesays.com\/se\/wp-json\/wp\/v2\/posts\/360138","targetHints":{"allow":["GET"]}}],"collection":[{"href":"https:\/\/www.europesays.com\/se\/wp-json\/wp\/v2\/posts"}],"about":[{"href":"https:\/\/www.europesays.com\/se\/wp-json\/wp\/v2\/types\/post"}],"author":[{"embeddable":true,"href":"https:\/\/www.europesays.com\/se\/wp-json\/wp\/v2\/users\/2"}],"replies":[{"embeddable":true,"href":"https:\/\/www.europesays.com\/se\/wp-json\/wp\/v2\/comments?post=360138"}],"version-history":[{"count":0,"href":"https:\/\/www.europesays.com\/se\/wp-json\/wp\/v2\/posts\/360138\/revisions"}],"wp:featuredmedia":[{"embeddable":true,"href":"https:\/\/www.europesays.com\/se\/wp-json\/wp\/v2\/media\/360139"}],"wp:attachment":[{"href":"https:\/\/www.europesays.com\/se\/wp-json\/wp\/v2\/media?parent=360138"}],"wp:term":[{"taxonomy":"category","embeddable":true,"href":"https:\/\/www.europesays.com\/se\/wp-json\/wp\/v2\/categories?post=360138"},{"taxonomy":"post_tag","embeddable":true,"href":"https:\/\/www.europesays.com\/se\/wp-json\/wp\/v2\/tags?post=360138"}],"curies":[{"name":"wp","href":"https:\/\/api.w.org\/{rel}","templated":true}]}}