{"id":360180,"date":"2026-09-01T07:07:12","date_gmt":"2026-09-01T07:07:12","guid":{"rendered":"https:\/\/www.europesays.com\/se\/360180\/"},"modified":"2026-09-01T07:07:12","modified_gmt":"2026-09-01T07:07:12","slug":"filmisk-koreografi-i-granslandet-mellan-ljus-och-skugga-till-16-orter","status":"publish","type":"post","link":"https:\/\/www.europesays.com\/se\/360180\/","title":{"rendered":"Filmisk koreografi i gr\u00e4nslandet mellan ljus och skugga till 16 orter"},"content":{"rendered":"<p>\n          Pressmeddelande<br \/>\n \u2014<br \/>\n 1 September 2026 08:15<\/p>\n<p>    Dela<\/p>\n<p>\n          L\u00e4nk kopierad!\n        <\/p>\n<p>          <a class=\"ghost-btn-with-icon svg-stroke\" target=\"_blank\" rel=\"nofollow noopener\" aria-label=\"Ladda ned som PDF\" href=\"https:\/\/www.mynewsdesk.com\/se\/dansnat_sverige\/pressreleases\/filmisk-koreografi-i-graenslandet-mellan-ljus-och-skugga-till-16-orter-3431556.pdf\"><\/p>\n<p>            Ladda ner<br \/>\n<\/a>      <\/p>\n<p>Art of Spectra har gjort sig k\u00e4nt f\u00f6r sin filmiska estetik och intensiva koreografi d\u00e4r dans, musik och visuella element sm\u00e4lter samman till en helhet som \u00f6ppnar f\u00f6r nya s\u00e4tt att uppleva samtidens m\u00f6rker och m\u00e4nsklighet. I deras nya verk Skuggor forts\u00e4tter kompaniet, i samspel med konstn\u00e4rer fr\u00e5n olika discipliner, att utforska gr\u00e4nslandet mellan kropp och rum, precision och impuls.<\/p>\n<p>Med sin karakteristiska stil \u2013 r\u00e5, poetisk och visuellt driven \u2013 l\u00e5ter Art of Spectra publiken m\u00f6ta en plats d\u00e4r varje individ b\u00e4r sin skugga som ett yttre bevis p\u00e5 ett inre tillst\u00e5nd. I Skuggor \u00e4r det tomrummet mellan ljus och m\u00f6rker som f\u00e5r tala. Det \u00e4r inte ljuset som definierar figuren, utan det utrymme som skuggan l\u00e4mnar. Skuggorna \u00e4r inte bara visuella \u2013 de \u00e4r emotionella och rymmer det vi b\u00e4r med oss. De \u00e4r det vi inte minns, aldrig sa eller v\u00e4ljer att gl\u00f6mma. De \u00e4r kroppsminnen, identitet och tillh\u00f6righet.<\/p>\n<p>Att m\u00f6ta sin skugga \u00e4r att lyssna till viskningen av v\u00e5rt djupaste jag.<\/p>\n<p>Skuggor samproduceras av Dansn\u00e4t Sverige och Dans i Nord<\/p>\n<p>Om koreografen: <\/p>\n<p>1998 startade koreografen Peter Svenzon danskompaniet Art of spectra och har sedan dess skapat flertalet verk f\u00f6r det egna kompaniet s\u00e5v\u00e4l som f\u00f6r institutioner. Hans verk har satts upp av nationella och internationella teatrar och operahus, bland annat G\u00f6teborgsoperans danskompani.<\/p>\n<p>Peter Svenzon arbetar \u00e4ven som komposit\u00f6r och art director. Han har dessutom varit anst\u00e4lld som r\u00f6relseinstrukt\u00f6r i samarbete med teaterregiss\u00f6rer s\u00e5 som Lars Noren, Vibeke Bjelke m.fl.<\/p>\n<p>Turn\u00e9datum<\/p>\n<p>4 september &#8211; <a href=\"https:\/\/dansinord.se\/forestallningar\/art-of-spectra-skuggor\/pitea-75\/\" target=\"_blank\" rel=\"nofollow noopener\">Dans i nord, Studio Acusticum<\/a>, Pite\u00e5<br \/>7 september &#8211; <a href=\"https:\/\/dansinord.se\/forestallningar\/art-of-spectra-skuggor\/alvsbyn-9\/\" target=\"_blank\" rel=\"nofollow noopener\">Dans i Nord, Forum<\/a>, \u00c4lvsbyn<br \/>9 september &#8211; <a href=\"https:\/\/dansinord.se\/forestallningar\/art-of-spectra-skuggor\/\" target=\"_blank\" rel=\"nofollow noopener\">Dans i Nord, Medborgarhuset<\/a>, Arvidsjaur<br \/>16 september &#8211; <a href=\"https:\/\/dansinord.se\/forestallningar\/art-of-spectra-skuggor\/jokkmokk-16\/\" target=\"_blank\" rel=\"nofollow noopener\">Dans i Nord, Folkets hus<\/a>, Jokkmokk<br \/>22 september &#8211; <a href=\"https:\/\/dansinord.se\/forestallningar\/art-of-spectra-skuggor\/kalix-15\/\" target=\"_blank\" rel=\"nofollow noopener\">Dans i Nord, Folkets hus<\/a>, Kalix<br \/>29 september &#8211; <a href=\"https:\/\/dansinord.se\/forestallningar\/art-of-spectra-skuggor\/overtornea-9\/\" target=\"_blank\" rel=\"nofollow noopener\">Dans i Nord, Folkets hus<\/a>, \u00d6vertorne\u00e5<br \/>1 oktober &#8211; <a href=\"https:\/\/dansinord.se\/forestallningar\/art-of-spectra-skuggor\/pajala-10\/\" target=\"_blank\" rel=\"nofollow noopener\">Dans i Nord, Folkets hus<\/a>, Pajala<br \/>7 oktober &#8211; <a href=\"https:\/\/dansinord.se\/forestallningar\/art-of-spectra-skuggor\/kiruna-16\/\" target=\"_blank\" rel=\"nofollow noopener\">Dans i Nord, Aurora kultur och kongress<\/a>, Kiruna<br \/>9 oktober &#8211; <a href=\"https:\/\/dansinord.se\/forestallningar\/art-of-spectra-skuggor\/gallivare-14\/\" target=\"_blank\" rel=\"nofollow noopener\">Dans i Nord, Folkets hus<\/a>, G\u00e4llivare<br \/>12 oktober &#8211; <a href=\"https:\/\/dansinord.se\/forestallningar\/art-of-spectra-skuggor\/lulea-58\/\" target=\"_blank\" rel=\"nofollow noopener\">Dans i Nord, Kulturens hus<\/a>, Lule\u00e5<br \/>15 oktober &#8211; <a href=\"https:\/\/www.rumfordans.se\/program\/art-of-spectra\/\" target=\"_blank\" rel=\"nofollow noopener\">Rum f\u00f6r Dans, Falkhallen<\/a>, Falkenberg<br \/>20 oktober &#8211; <a href=\"https:\/\/storateatern.se\/sv\/program\/art-of-spectra-skuggor\/?date=2610200700\" target=\"_blank\" rel=\"nofollow noopener\">Stora teatern<\/a>, G\u00f6teborg<br \/>22 oktober &#8211; <a href=\"https:\/\/www.varakonserthus.se\/evenemang\/art-of-spectra\/?date=202610221900\" target=\"_blank\" rel=\"nofollow noopener\">Vara konserthus<\/a><br \/>25 oktober &#8211; <a href=\"https:\/\/sater.se\/evenemang\/gastspel-dans-skuggor\/\" target=\"_blank\" rel=\"nofollow noopener\">Folkets hus<\/a>, S\u00e4ter<br \/>27 oktober &#8211; <a href=\"https:\/\/kulturhusetspira.se\/skuggor\/\" target=\"_blank\" rel=\"nofollow noopener\">Spira kulturhus<\/a>, J\u00f6nk\u00f6ping<br \/>29 oktober &#8211; <a href=\"https:\/\/gavleteater.se\/2026\/08\/24\/skuggor\/\" target=\"_blank\" rel=\"nofollow noopener\">Centralteatern<\/a>, G\u00e4vle<\/p>\n<p>Medverkande<\/p>\n<p>Koreografi, id\u00e9, regi: Peter Svenzon<br \/>Komposit\u00f6r: Peter Svenzon<br \/>Text: Falk Richter, m.fl.<br \/>Ljusdesign: Peter Svenzon, Dennis \u00c5hman<br \/>Visuals: Barbacka Sthlm, Simon Carlgren, Peter Svenzon<br \/>Scenrum: Barbacka Sthlm<br \/>Kostym: Barbacka Sthlm<br \/>Dansare: Ulriqa Fernqvist, Natalia Vagena, Harlan Rust, Ferghas Clavey, Leonard Vo Tan<br \/>Samproduktion: Dans i Nord, Dansn\u00e4t Sverige<br \/>Foto: Malin Arnesson<br \/>Portr\u00e4ttfoto: Peter Claesson<\/p>\n<p>Turnerar med Dansn\u00e4t Sverige h\u00f6sten 2026.<\/p>\n","protected":false},"excerpt":{"rendered":"Pressmeddelande \u2014 1 September 2026 08:15 Dela L\u00e4nk kopierad! Ladda ner Art of Spectra har gjort sig k\u00e4nt&hellip;\n","protected":false},"author":2,"featured_media":360181,"comment_status":"","ping_status":"","sticky":false,"template":"","format":"standard","meta":{"footnotes":"","_share_on_mastodon":"0"},"categories":[67],"tags":[41073,104,34,31,33,32,30,105],"class_list":["post-360180","post","type-post","status-publish","format-standard","has-post-thumbnail","category-underhallning","tag-art-of-spectra","tag-entertainment","tag-se","tag-svenska","tag-sverige","tag-sweden","tag-swedish","tag-underhallning"],"share_on_mastodon":{"url":"https:\/\/pubeurope.com\/@se\/117194525627564371","error":""},"_links":{"self":[{"href":"https:\/\/www.europesays.com\/se\/wp-json\/wp\/v2\/posts\/360180","targetHints":{"allow":["GET"]}}],"collection":[{"href":"https:\/\/www.europesays.com\/se\/wp-json\/wp\/v2\/posts"}],"about":[{"href":"https:\/\/www.europesays.com\/se\/wp-json\/wp\/v2\/types\/post"}],"author":[{"embeddable":true,"href":"https:\/\/www.europesays.com\/se\/wp-json\/wp\/v2\/users\/2"}],"replies":[{"embeddable":true,"href":"https:\/\/www.europesays.com\/se\/wp-json\/wp\/v2\/comments?post=360180"}],"version-history":[{"count":0,"href":"https:\/\/www.europesays.com\/se\/wp-json\/wp\/v2\/posts\/360180\/revisions"}],"wp:featuredmedia":[{"embeddable":true,"href":"https:\/\/www.europesays.com\/se\/wp-json\/wp\/v2\/media\/360181"}],"wp:attachment":[{"href":"https:\/\/www.europesays.com\/se\/wp-json\/wp\/v2\/media?parent=360180"}],"wp:term":[{"taxonomy":"category","embeddable":true,"href":"https:\/\/www.europesays.com\/se\/wp-json\/wp\/v2\/categories?post=360180"},{"taxonomy":"post_tag","embeddable":true,"href":"https:\/\/www.europesays.com\/se\/wp-json\/wp\/v2\/tags?post=360180"}],"curies":[{"name":"wp","href":"https:\/\/api.w.org\/{rel}","templated":true}]}}