{"id":360210,"date":"2026-09-01T07:32:21","date_gmt":"2026-09-01T07:32:21","guid":{"rendered":"https:\/\/www.europesays.com\/se\/360210\/"},"modified":"2026-09-01T07:32:21","modified_gmt":"2026-09-01T07:32:21","slug":"miley-cyrus-skippar-efternamnet","status":"publish","type":"post","link":"https:\/\/www.europesays.com\/se\/360210\/","title":{"rendered":"Miley Cyrus skippar efternamnet"},"content":{"rendered":"<p>   Borta i sociala medier <img alt=\"Miley Cyrus. Arkivbild.\" class=\"_image_1jxax_84 layout-component layout-wide\" data-fullscreen- data-track-element-type=\"Article image fullscreen\" data-track-name=\"ImageFullscreen\" fetchpriority=\"high\" decoding=\"sync\" loading=\"eager\" height=\"3935\" itemprop=\"image\"  src=\"https:\/\/www.europesays.com\/se\/wp-content\/uploads\/2026\/09\/37e80ff7-a7c2-3b71-a662-cf3fc09726cc.jpeg\"  style=\"object-position:0% 0%\" width=\"5902\"\/>Miley Cyrus. Arkivbild.  Foto: Chris Pizzello \/AP\/TTVisa mer<\/p>\n<p class=\"_textTheme_4io5p_1 _lead_16k26_2 _lead_3ue4t_18 layout-component layout-normal layout-padded _lead_o6m9k_5 _leadTheme_cypwp_1 body-large bold\">Cher, Madonna, Prince, Beyonc\u00e9 och&#8230; Miley?<\/p>\n<p class=\"_textTheme_4io5p_1 _paragraph_16k26_4 _paragraph_3ue4t_27 layout-component layout-normal layout-padded body-medium\"><strong class=\"_strong_16k26_20\">Miley Cyrus<\/strong> har tagit bort sitt efternamn fr\u00e5n alla sociala medier. Namn\u00e4ndringen, eller snarare f\u00f6rkortningen, kommer inf\u00f6r ett f\u00f6rmodat sl\u00e4pp av stj\u00e4rnans tionde album, skriver LA Times.<\/p>\n<p class=\"_textTheme_4io5p_1 _paragraph_16k26_4 _paragraph_3ue4t_27 layout-component layout-normal layout-padded body-medium\">Tidigare i \u00e5r sade Miley Cyrus i en intervju med <a href=\"https:\/\/www.wonderlandmagazine.com\/2026\/07\/27\/miley-cyrus-wonderland-summer\/\" class=\"_link_16k26_32\" rel=\"nofollow noopener\" target=\"_blank\">Wonderland<\/a> att det kommande albumet handlar om k\u00e4rlek.<\/p>\n<p class=\"_textTheme_4io5p_1 _paragraph_16k26_4 _paragraph_3ue4t_27 layout-component layout-normal layout-padded body-medium\">\u201dDet finns definitivt en romantisk r\u00f6d tr\u00e5d som l\u00f6per genom det, f\u00f6r precis som med alla mina skivor \u00e4r det en spegling av var jag befinner mig i livet\u201d, sade hon.<\/p>\n","protected":false},"excerpt":{"rendered":"Borta i sociala medier Miley Cyrus. Arkivbild. Foto: Chris Pizzello \/AP\/TTVisa mer Cher, Madonna, Prince, Beyonc\u00e9 och&#8230; Miley?&hellip;\n","protected":false},"author":2,"featured_media":360211,"comment_status":"","ping_status":"","sticky":false,"template":"","format":"standard","meta":{"footnotes":"","_share_on_mastodon":"0"},"categories":[67],"tags":[104,39984,34,31,33,32,30,105],"class_list":["post-360210","post","type-post","status-publish","format-standard","has-post-thumbnail","category-underhallning","tag-entertainment","tag-miley-cyrus","tag-se","tag-svenska","tag-sverige","tag-sweden","tag-swedish","tag-underhallning"],"share_on_mastodon":{"url":"https:\/\/pubeurope.com\/@se\/117194624928338224","error":""},"_links":{"self":[{"href":"https:\/\/www.europesays.com\/se\/wp-json\/wp\/v2\/posts\/360210","targetHints":{"allow":["GET"]}}],"collection":[{"href":"https:\/\/www.europesays.com\/se\/wp-json\/wp\/v2\/posts"}],"about":[{"href":"https:\/\/www.europesays.com\/se\/wp-json\/wp\/v2\/types\/post"}],"author":[{"embeddable":true,"href":"https:\/\/www.europesays.com\/se\/wp-json\/wp\/v2\/users\/2"}],"replies":[{"embeddable":true,"href":"https:\/\/www.europesays.com\/se\/wp-json\/wp\/v2\/comments?post=360210"}],"version-history":[{"count":0,"href":"https:\/\/www.europesays.com\/se\/wp-json\/wp\/v2\/posts\/360210\/revisions"}],"wp:featuredmedia":[{"embeddable":true,"href":"https:\/\/www.europesays.com\/se\/wp-json\/wp\/v2\/media\/360211"}],"wp:attachment":[{"href":"https:\/\/www.europesays.com\/se\/wp-json\/wp\/v2\/media?parent=360210"}],"wp:term":[{"taxonomy":"category","embeddable":true,"href":"https:\/\/www.europesays.com\/se\/wp-json\/wp\/v2\/categories?post=360210"},{"taxonomy":"post_tag","embeddable":true,"href":"https:\/\/www.europesays.com\/se\/wp-json\/wp\/v2\/tags?post=360210"}],"curies":[{"name":"wp","href":"https:\/\/api.w.org\/{rel}","templated":true}]}}