{"id":360216,"date":"2026-09-01T07:35:17","date_gmt":"2026-09-01T07:35:17","guid":{"rendered":"https:\/\/www.europesays.com\/se\/360216\/"},"modified":"2026-09-01T07:35:17","modified_gmt":"2026-09-01T07:35:17","slug":"toppmilitarer-varnarfor-fortsatt-krig-i-iran","status":"publish","type":"post","link":"https:\/\/www.europesays.com\/se\/360216\/","title":{"rendered":"Toppmilit\u00e4rer varnar\nf\u00f6r fortsatt krig i Iran"},"content":{"rendered":"<p>Uppdaterad 1 sep 2026 kl 07.58Publicerad 1 sep 2026 kl 07.25<\/p>\n<p>USA inledde i helgen nya attacker mot Iran.\u00a0<\/p>\n<p>Bara dagar innan varnade flera toppgeneraler f\u00f6r att det fortsatta kriget f\u00f6rsvagar milit\u00e4ren, enligt uppgifter till <a href=\"https:\/\/www.washingtonpost.com\/national-security\/2026\/08\/30\/military-leaders-warn-hegseth-against-extending-iran-war-operations\/\" rel=\"nofollow noopener\" target=\"_blank\">Washington Post<\/a>.\u00a0<\/p>\n<p><img   alt=\"\"\/><\/p>\n<p>USA:s krigsminister Pete Hegseth.<\/p>\n<p>Foto: JIM LO SCALZO \/ EPA<\/p>\n<p>\u00d6ppna bild i helsk\u00e4rm<img loading=\"lazy\"   alt=\"\"\/><\/p>\n<p>USA:s president Donald Trump.<\/p>\n<p>Foto: JACQUELYN MARTIN  \/AP\/TT \/ AP TT NYHETSBYR\u00c5N<\/p>\n<p>\u00d6ppna bild i helsk\u00e4rm<img loading=\"lazy\"   alt=\"\"\/><\/p>\n<p>USA:s hangarfartyg p\u00e5 plats i Mellan\u00f6stern.<\/p>\n<p>Foto: Mc3 John Farren\/U.S. Navy \/ ZUMA\/IBL<\/p>\n<p>\u00d6ppna bild i helsk\u00e4rm<\/p>\n<p>I en m\u00e5nad hade ett vapenstillest\u00e5nd h\u00e5llit i sig mellan Iran och USA. Men natten mot m\u00e5ndag br\u00f6ts det och <a href=\"https:\/\/www.expressen.se\/nyheter\/varlden\/usa-och-iran-utbyter-attacker-igen\/\" rel=\"nofollow noopener\" target=\"_blank\">USA bombade tv\u00e5 iranska raketramper<\/a> p\u00e5 \u00f6n Larak i Hormuzsundet.\u00a0<\/p>\n<p>Iran avfyrade i sin tur robotar mot det USA-allierade landet Jordanien. Och enligt president Donald Trumps inl\u00e4gg p\u00e5 Truth Social verkar inte USA vara klara. Han skriver att \u00f6n Kharg, som \u00e4r Irans viktigaste oljeexportshamn, kan \u201dspr\u00e4ngas i sm\u00e5bitar\u201d.\u00a0<\/p>\n<p>Toppmilit\u00e4rer varnar<\/p>\n<p>Men bara dagar innan USA gick till attack igen varnade amerikanska milit\u00e4rtoppar f\u00f6r en krigseskalering. Det uppger flera k\u00e4llor f\u00f6r <a href=\"https:\/\/www.washingtonpost.com\/national-security\/2026\/08\/30\/military-leaders-warn-hegseth-against-extending-iran-war-operations\/\" rel=\"nofollow noopener\" target=\"_blank\">Washington Post<\/a>.\u00a0<\/p>\n<p>I en rapport som lades fram till krigsminister Pete Hegseth den 14 augusti skriver generaler och bef\u00e4lhavare att ett fortsatt storskaligt krig med Iran \u00e4r oh\u00e5llbart. Det riskerar att f\u00f6rsvaga USA:s f\u00f6rm\u00e5ga att m\u00f6ta hot p\u00e5 andra h\u00e5ll, enligt WP:s uppgifter.<\/p>\n<p>Mycket av den milit\u00e4ra kompetensen har riktats till Iran de senaste m\u00e5naderna. Fler \u00e4n 50 000 soldater har varit i beredskap om Trump skulle beordra ytterligare attacker. Dessutom har enheter i Europa, Asien och Latinamerika har f\u00e5tt sina fartyg och flygplan f\u00f6rflyttade till Mellan\u00f6stern f\u00f6r att bist\u00e5 i kriget.<\/p>\n<p>K\u00e4llor: \u201dF\u00f6r mycket f\u00f6r l\u00e4nge\u201d<\/p>\n<p>Hegseth vill trots det att \u00e4nnu fler soldater skickas till Iran f\u00f6r beredskap. Det oroar toppar.\u00a0<\/p>\n<p>De beskriver det som att Irankriget varit \u201df\u00f6r mycket f\u00f6r l\u00e4nge\u201d.\u00a0<\/p>\n<p>Hegseths talesperson, Sean Parnell, vill inte kommentera WP:s uppgifter utan s\u00e4ger att de inte uttalar sig om interna operativa processer.\u00a0<\/p>\n<p>\u201dBeslut om omfattningen och varaktigheten f\u00f6r specifika styrkebidrag till ett stridande bef\u00e4l fattas utifr\u00e5n den aktuella hotbed\u00f6mningen\u201d, s\u00e4ger han i ett uttalande.<\/p>\n<p>          Vill du veta mer? Fr\u00e5ga Getingen!<\/p>\n<p>            <img loading=\"lazy\" decoding=\"async\" width=\"64\" height=\"64\" src=\"https:\/\/www.europesays.com\/se\/wp-content\/uploads\/2026\/09\/804.png\" alt=\"\"\/><\/p>\n<p>\nVill du ha \u00e4nnu mer info? V\u00e4lj en fr\u00e5ga nedan eller skriv en egen! <a href=\"https:\/\/www.expressen.se\/nyheter\/fraga-getingen-\/\" target=\"_blank\" text-decoration:=\"\" none=\"\" rel=\"nofollow noopener\">Expressens AI-bot<\/a> baseras endast p\u00e5 v\u00e5r samlade journalistik, granskad av journalister.\n  <\/p>\n","protected":false},"excerpt":{"rendered":"Uppdaterad 1 sep 2026 kl 07.58Publicerad 1 sep 2026 kl 07.25 USA inledde i helgen nya attacker mot&hellip;\n","protected":false},"author":2,"featured_media":360217,"comment_status":"","ping_status":"","sticky":false,"template":"","format":"standard","meta":{"footnotes":"","_share_on_mastodon":"0"},"categories":[14],"tags":[22,23,26,27,17,21,24,25,28,29,15,16,18,34,31,33,32,30,19,20,51,52,53,54],"class_list":["post-360216","post","type-post","status-publish","format-standard","has-post-thumbnail","category-varlden","tag-breaking-news","tag-breakingnews","tag-featured-news","tag-featurednews","tag-headlines","tag-huvudnyheter","tag-latest-news","tag-latestnews","tag-main-news","tag-mainnews","tag-news","tag-nyheter","tag-rubriker","tag-se","tag-svenska","tag-sverige","tag-sweden","tag-swedish","tag-top-stories","tag-topstories","tag-varlden","tag-world","tag-world-news","tag-worldnews"],"share_on_mastodon":{"url":"https:\/\/pubeurope.com\/@se\/117194636604589048","error":""},"_links":{"self":[{"href":"https:\/\/www.europesays.com\/se\/wp-json\/wp\/v2\/posts\/360216","targetHints":{"allow":["GET"]}}],"collection":[{"href":"https:\/\/www.europesays.com\/se\/wp-json\/wp\/v2\/posts"}],"about":[{"href":"https:\/\/www.europesays.com\/se\/wp-json\/wp\/v2\/types\/post"}],"author":[{"embeddable":true,"href":"https:\/\/www.europesays.com\/se\/wp-json\/wp\/v2\/users\/2"}],"replies":[{"embeddable":true,"href":"https:\/\/www.europesays.com\/se\/wp-json\/wp\/v2\/comments?post=360216"}],"version-history":[{"count":0,"href":"https:\/\/www.europesays.com\/se\/wp-json\/wp\/v2\/posts\/360216\/revisions"}],"wp:featuredmedia":[{"embeddable":true,"href":"https:\/\/www.europesays.com\/se\/wp-json\/wp\/v2\/media\/360217"}],"wp:attachment":[{"href":"https:\/\/www.europesays.com\/se\/wp-json\/wp\/v2\/media?parent=360216"}],"wp:term":[{"taxonomy":"category","embeddable":true,"href":"https:\/\/www.europesays.com\/se\/wp-json\/wp\/v2\/categories?post=360216"},{"taxonomy":"post_tag","embeddable":true,"href":"https:\/\/www.europesays.com\/se\/wp-json\/wp\/v2\/tags?post=360216"}],"curies":[{"name":"wp","href":"https:\/\/api.w.org\/{rel}","templated":true}]}}