{"id":360228,"date":"2026-09-01T07:43:21","date_gmt":"2026-09-01T07:43:21","guid":{"rendered":"https:\/\/www.europesays.com\/se\/360228\/"},"modified":"2026-09-01T07:43:21","modified_gmt":"2026-09-01T07:43:21","slug":"tonarsflicka-misshandlad-av-pojkar-tv4-nyheterna","status":"publish","type":"post","link":"https:\/\/www.europesays.com\/se\/360228\/","title":{"rendered":"Ton\u00e5rsflicka misshandlad av pojkar &#8211; TV4 Nyheterna"},"content":{"rendered":"<ol>\n<li><a href=\"https:\/\/news.google.com\/rss\/articles\/CBMiiwFBVV95cUxQV0VCMzk1NWsxNnZhcFpXS05GRm1TYTdHeVI5TEJrcUVuaXBrcEV6WkhoMzQ3OE5sUXNzOEVERjBEVktIaFB1TXc1XzlheFFnU21ETjVkYVVEU2NCd1BaUVNCVzJlTk9sR3padEdBclp0R2pjWmhCUEdCdmJ3VkFveC14dy0tUjRNRGln?oc=5\" target=\"_blank\" rel=\"nofollow noopener\">Ton\u00e5rsflicka misshandlad av pojkar<\/a>&nbsp;&nbsp;TV4 Nyheterna<\/li>\n<li><a href=\"https:\/\/news.google.com\/rss\/articles\/CBMipAFBVV95cUxQTW9CQVZGVWlZV2h3VV8zc3NKX1BJWmt6R2Zub3pDY3ljTWRvSXpfdUpyRml0eTdQLXhScEhRRWQ2bUZYTVRRb29FMzZwNXdORE5DZTB2MGV4d1BJQTExd3UxR1I0dDF1dkJsU1Q4Z01NTE5XT0pmSTlCZGRIeUZkVmM0TXBhaVlKV0EtOEZJUGpfRUFISG9aY0wtdGpmRFdESi1QZQ?oc=5\" target=\"_blank\" rel=\"nofollow noopener\">Flicka misshandlad i R\u00e5gsved \u2013 tv\u00e5 ton\u00e5ringar gripna<\/a>&nbsp;&nbsp;mitti.se<\/li>\n<li><a href=\"https:\/\/news.google.com\/rss\/articles\/CBMiigFBVV95cUxNRjJheEw4YVg2aF90YmZ4ZW8zSUpiTU1HSlFoVkdFVzJXR0tlMlllbU9MeWZqSUNfYS1oekFwdjl4ekZVbVdTZmxMX1hmeXlMWW1iYlNxYkhYcE9vTGdDaUl4WHNSd3lYQ3pqekJBZTQtdzlTR3lMeHEwNWNwR3NRa3lueGZsWGtoNXc?oc=5\" target=\"_blank\" rel=\"nofollow noopener\">Flicka slagen och sparkad vid tunnelbanan<\/a>&nbsp;&nbsp;Aftonbladet<\/li>\n<li><a href=\"https:\/\/news.google.com\/rss\/articles\/CBMigwFBVV95cUxOWXBidmlRcHRGXzdYcFVSUGNiX1BIWVlydjFJVkZnc2NHUkFLWlRhZjJWU3pyb1E4eW55SzEtYWNDOWQyamt2ajhHTlA4WG1WbmktNFhuMUk2WFdNVThpWjF5UjdmWV8tbGQ3bnlWaWZ3LWlaaGZ6M1ZTZGFYMG9CamF6OA?oc=5\" target=\"_blank\" rel=\"nofollow noopener\">Flicka misshandlad vid tunnelbanan \u2013 ton\u00e5ringar gripna<\/a>&nbsp;&nbsp;Omni \u2013 Alla nyheter. Alla perspektiv.<\/li>\n<li><a href=\"https:\/\/news.google.com\/rss\/articles\/CBMingFBVV95cUxPZkloSG9JaEhxTnMteHlUajdSeHVZSTNHREYzdHdsTHlmNk9LeDd4b0t1OTFoNGJ3bVNzeWMxbThMVHFGaW5ocXdvMC1xelA2TnJicElVQzJYWkpXMXNsSHZJUjRwWFRIVXdRLVdhYXZaNEkyWUxoaXdGWnNDclBHMmZKeFB0YVNiNnR5SHpqZHRkVVhjeENjdlo5cTBldw?oc=5\" target=\"_blank\" rel=\"nofollow noopener\">Ton\u00e5rsflicka i R\u00e5gsved misshandlad av g\u00e4ng \u2013 tv\u00e5 pojkar gripna<\/a>&nbsp;&nbsp;Sveriges Radio<\/li>\n<\/ol>\n","protected":false},"excerpt":{"rendered":"Ton\u00e5rsflicka misshandlad av pojkar&nbsp;&nbsp;TV4 Nyheterna Flicka misshandlad i R\u00e5gsved \u2013 tv\u00e5 ton\u00e5ringar gripna&nbsp;&nbsp;mitti.se Flicka slagen och sparkad vid&hellip;\n","protected":false},"author":2,"featured_media":360229,"comment_status":"","ping_status":"","sticky":false,"template":"","format":"standard","meta":{"footnotes":"","_share_on_mastodon":"0"},"categories":[14],"tags":[22,23,26,27,17,21,24,25,28,29,15,16,18,34,31,33,32,30,19,20,51,52,53,54],"class_list":["post-360228","post","type-post","status-publish","format-standard","has-post-thumbnail","category-varlden","tag-breaking-news","tag-breakingnews","tag-featured-news","tag-featurednews","tag-headlines","tag-huvudnyheter","tag-latest-news","tag-latestnews","tag-main-news","tag-mainnews","tag-news","tag-nyheter","tag-rubriker","tag-se","tag-svenska","tag-sverige","tag-sweden","tag-swedish","tag-top-stories","tag-topstories","tag-varlden","tag-world","tag-world-news","tag-worldnews"],"share_on_mastodon":{"url":"https:\/\/pubeurope.com\/@se\/117194667212982899","error":""},"_links":{"self":[{"href":"https:\/\/www.europesays.com\/se\/wp-json\/wp\/v2\/posts\/360228","targetHints":{"allow":["GET"]}}],"collection":[{"href":"https:\/\/www.europesays.com\/se\/wp-json\/wp\/v2\/posts"}],"about":[{"href":"https:\/\/www.europesays.com\/se\/wp-json\/wp\/v2\/types\/post"}],"author":[{"embeddable":true,"href":"https:\/\/www.europesays.com\/se\/wp-json\/wp\/v2\/users\/2"}],"replies":[{"embeddable":true,"href":"https:\/\/www.europesays.com\/se\/wp-json\/wp\/v2\/comments?post=360228"}],"version-history":[{"count":0,"href":"https:\/\/www.europesays.com\/se\/wp-json\/wp\/v2\/posts\/360228\/revisions"}],"wp:featuredmedia":[{"embeddable":true,"href":"https:\/\/www.europesays.com\/se\/wp-json\/wp\/v2\/media\/360229"}],"wp:attachment":[{"href":"https:\/\/www.europesays.com\/se\/wp-json\/wp\/v2\/media?parent=360228"}],"wp:term":[{"taxonomy":"category","embeddable":true,"href":"https:\/\/www.europesays.com\/se\/wp-json\/wp\/v2\/categories?post=360228"},{"taxonomy":"post_tag","embeddable":true,"href":"https:\/\/www.europesays.com\/se\/wp-json\/wp\/v2\/tags?post=360228"}],"curies":[{"name":"wp","href":"https:\/\/api.w.org\/{rel}","templated":true}]}}