{"id":360234,"date":"2026-09-01T07:49:17","date_gmt":"2026-09-01T07:49:17","guid":{"rendered":"https:\/\/www.europesays.com\/se\/360234\/"},"modified":"2026-09-01T07:49:17","modified_gmt":"2026-09-01T07:49:17","slug":"miley-cyrus-gor-sig-av-med-efternamnet","status":"publish","type":"post","link":"https:\/\/www.europesays.com\/se\/360234\/","title":{"rendered":"Miley Cyrus g\u00f6r sig av med efternamnet"},"content":{"rendered":"<p>Artisten Miley Cyrus uppges f\u00f6lja i samma sp\u00e5r som Cher, Madonna, Prince och Beyonc\u00e9. LA Times rapporterar att hon inf\u00f6r sitt kommande tionde album tagit bort sitt efternamn fr\u00e5n alla sociala medier.<\/p>\n<p>Tidigare har artisten sagt att albumet handlar om k\u00e4rlek. <\/p>\n<p>\u2013 En spegling av var jag befinner mig i livet, sa hon tidigare i \u00e5r till magasinet Wonderland.<\/p>\n<p>Omni \u00e4r politiskt obundna och oberoende. Vi str\u00e4var efter att ge fler perspektiv p\u00e5 nyheterna. Har du fr\u00e5gor eller synpunkter kring v\u00e5r rapportering? <a href=\"https:\/\/omni.se\/miley-cyrus-gor-sig-av-med-efternamnet\/a\/mailto:redaktion@omni.se\" class=\"ArticleActions-module-scss-module__w9u9BG__contactLink\" rel=\"nofollow noopener\" target=\"_blank\">Kontakta redaktionen<\/a><\/p>\n","protected":false},"excerpt":{"rendered":"Artisten Miley Cyrus uppges f\u00f6lja i samma sp\u00e5r som Cher, Madonna, Prince och Beyonc\u00e9. LA Times rapporterar att&hellip;\n","protected":false},"author":2,"featured_media":360235,"comment_status":"","ping_status":"","sticky":false,"template":"","format":"standard","meta":{"footnotes":"","_share_on_mastodon":"0"},"categories":[67],"tags":[104,39984,172,34,31,33,32,30,105],"class_list":["post-360234","post","type-post","status-publish","format-standard","has-post-thumbnail","category-underhallning","tag-entertainment","tag-miley-cyrus","tag-musik","tag-se","tag-svenska","tag-sverige","tag-sweden","tag-swedish","tag-underhallning"],"share_on_mastodon":{"url":"https:\/\/pubeurope.com\/@se\/117194690756447335","error":""},"_links":{"self":[{"href":"https:\/\/www.europesays.com\/se\/wp-json\/wp\/v2\/posts\/360234","targetHints":{"allow":["GET"]}}],"collection":[{"href":"https:\/\/www.europesays.com\/se\/wp-json\/wp\/v2\/posts"}],"about":[{"href":"https:\/\/www.europesays.com\/se\/wp-json\/wp\/v2\/types\/post"}],"author":[{"embeddable":true,"href":"https:\/\/www.europesays.com\/se\/wp-json\/wp\/v2\/users\/2"}],"replies":[{"embeddable":true,"href":"https:\/\/www.europesays.com\/se\/wp-json\/wp\/v2\/comments?post=360234"}],"version-history":[{"count":0,"href":"https:\/\/www.europesays.com\/se\/wp-json\/wp\/v2\/posts\/360234\/revisions"}],"wp:featuredmedia":[{"embeddable":true,"href":"https:\/\/www.europesays.com\/se\/wp-json\/wp\/v2\/media\/360235"}],"wp:attachment":[{"href":"https:\/\/www.europesays.com\/se\/wp-json\/wp\/v2\/media?parent=360234"}],"wp:term":[{"taxonomy":"category","embeddable":true,"href":"https:\/\/www.europesays.com\/se\/wp-json\/wp\/v2\/categories?post=360234"},{"taxonomy":"post_tag","embeddable":true,"href":"https:\/\/www.europesays.com\/se\/wp-json\/wp\/v2\/tags?post=360234"}],"curies":[{"name":"wp","href":"https:\/\/api.w.org\/{rel}","templated":true}]}}