{"id":360238,"date":"2026-09-01T07:52:23","date_gmt":"2026-09-01T07:52:23","guid":{"rendered":"https:\/\/www.europesays.com\/se\/360238\/"},"modified":"2026-09-01T07:52:23","modified_gmt":"2026-09-01T07:52:23","slug":"mobilisering-till-stod-for-ceuta","status":"publish","type":"post","link":"https:\/\/www.europesays.com\/se\/360238\/","title":{"rendered":"Mobilisering till st\u00f6d f\u00f6r Ceuta"},"content":{"rendered":"<p class=\"rubrik4 ingress article-body\">SPANIEN RIKS Inv\u00e5nare i ett stort antal st\u00e4der f\u00f6rbereder sig f\u00f6r att g\u00e5 ut p\u00e5 gatorna och visa sin solidaritet med Ceuta. De samordnade manifestationerna h\u00e5lls den 2 september klockan 20.00 i samband med firandet av D\u00eda de Ceuta, efter flera veckor pr\u00e4glade av tilltagande sp\u00e4nningar och ett h\u00e5rt migrationstryck.<\/p>\n<p class=\"text\">Initiativet har f\u00e5tt bred f\u00f6rankring efter att det spanska kommun- och provinsf\u00f6rbundet FEMP uppmanat till samlingar framf\u00f6r landets r\u00e5dhus. F\u00f6rbundets ordf\u00f6rande och Jerez borgm\u00e4stare, Mar\u00eda Jos\u00e9 Garc\u00eda-Pelayo, presenterade f\u00f6rslaget under ett bes\u00f6k i den autonoma staden, d\u00e4r hon m\u00f6tte Ceutas ordf\u00f6rande Juan Jes\u00fas Vivas. Samtidigt har en parallell medborgarkampanj f\u00e5tt stor spridning i sociala medier under paroller som uppmanar till st\u00f6d f\u00f6r Ceuta i hela landet.&#13;<\/p>\n<p><b>Samlingarna \u00e4r planerade att<\/b> \u00e4ga rum p\u00e5 centrala torg och m\u00f6tesplatser runt om i landet. I Madrid h\u00e5lls manifestationen p\u00e5 Puerta del Sol, i Barcelona p\u00e5 Pla\u00e7a de Catalunya och i Valencia p\u00e5 Pla\u00e7a de l&#8217;Ajuntament. Manifestationer har \u00e4ven utlysts i bland annat Sevilla, M\u00e1laga, Marbella, Zaragoza, Bilbao och Palma samt p\u00e5 Kanarie\u00f6arna och i Melilla. I Ceuta arrangeras samlingen p\u00e5 Plaza de los Reyes.&#13;<\/p>\n<p>Som en del av det institutionella st\u00f6det meddelade FEMP att Garc\u00eda-Pelayo \u00f6verl\u00e5ter sin representationsplats i Europeiska unionens Regionkommitt\u00e9 till Juan Jes\u00fas Vivas. Det ger honom m\u00f6jlighet att lyfta stadens situation direkt inf\u00f6r EU:s r\u00e5dgivande organ. Kommunf\u00f6rbundet har dessutom beslutat att f\u00f6rl\u00e4gga sitt ordinarie styrelsem\u00f6te till Ceuta den 29 september.&#13;<\/p>\n<p>K\u00e4lla: <a href=\"https:\/\/www.elconfidencial.com\/espana\/2026-08-29\/1qrt-manifestacion-apoyo-ceuta-ciudades-espana-fecha-horarios-lugares_4413017\/\" target=\"_blank\" rel=\"nofollow noopener\">El Confidencial<\/a><\/p>\n","protected":false},"excerpt":{"rendered":"SPANIEN RIKS Inv\u00e5nare i ett stort antal st\u00e4der f\u00f6rbereder sig f\u00f6r att g\u00e5 ut p\u00e5 gatorna och visa&hellip;\n","protected":false},"author":2,"featured_media":360239,"comment_status":"","ping_status":"","sticky":false,"template":"","format":"standard","meta":{"footnotes":"","_share_on_mastodon":"0"},"categories":[14],"tags":[22,23,34251,1051,1054,26,27,17,21,24,25,28,29,41075,15,16,18,34,691,41076,31,33,32,30,1050,1059,16027,19,20,51,52,53,54],"class_list":["post-360238","post","type-post","status-publish","format-standard","has-post-thumbnail","category-varlden","tag-breaking-news","tag-breakingnews","tag-ceuta","tag-costa-del-sol","tag-fr","tag-featured-news","tag-featurednews","tag-headlines","tag-huvudnyheter","tag-latest-news","tag-latestnews","tag-main-news","tag-mainnews","tag-mobilisering","tag-news","tag-nyheter","tag-rubriker","tag-se","tag-spanien","tag-std","tag-svenska","tag-sverige","tag-sweden","tag-swedish","tag-sydkusten","tag-sydkusten-es","tag-till","tag-top-stories","tag-topstories","tag-varlden","tag-world","tag-world-news","tag-worldnews"],"share_on_mastodon":{"url":"https:\/\/pubeurope.com\/@se\/117194702594087778","error":""},"_links":{"self":[{"href":"https:\/\/www.europesays.com\/se\/wp-json\/wp\/v2\/posts\/360238","targetHints":{"allow":["GET"]}}],"collection":[{"href":"https:\/\/www.europesays.com\/se\/wp-json\/wp\/v2\/posts"}],"about":[{"href":"https:\/\/www.europesays.com\/se\/wp-json\/wp\/v2\/types\/post"}],"author":[{"embeddable":true,"href":"https:\/\/www.europesays.com\/se\/wp-json\/wp\/v2\/users\/2"}],"replies":[{"embeddable":true,"href":"https:\/\/www.europesays.com\/se\/wp-json\/wp\/v2\/comments?post=360238"}],"version-history":[{"count":0,"href":"https:\/\/www.europesays.com\/se\/wp-json\/wp\/v2\/posts\/360238\/revisions"}],"wp:featuredmedia":[{"embeddable":true,"href":"https:\/\/www.europesays.com\/se\/wp-json\/wp\/v2\/media\/360239"}],"wp:attachment":[{"href":"https:\/\/www.europesays.com\/se\/wp-json\/wp\/v2\/media?parent=360238"}],"wp:term":[{"taxonomy":"category","embeddable":true,"href":"https:\/\/www.europesays.com\/se\/wp-json\/wp\/v2\/categories?post=360238"},{"taxonomy":"post_tag","embeddable":true,"href":"https:\/\/www.europesays.com\/se\/wp-json\/wp\/v2\/tags?post=360238"}],"curies":[{"name":"wp","href":"https:\/\/api.w.org\/{rel}","templated":true}]}}