{"id":360264,"date":"2026-09-01T08:17:17","date_gmt":"2026-09-01T08:17:17","guid":{"rendered":"https:\/\/www.europesays.com\/se\/360264\/"},"modified":"2026-09-01T08:17:17","modified_gmt":"2026-09-01T08:17:17","slug":"liam-och-noel-gallagher-till-filmfestivalen-i-venedig","status":"publish","type":"post","link":"https:\/\/www.europesays.com\/se\/360264\/","title":{"rendered":"Liam och Noel Gallagher till filmfestivalen i Venedig"},"content":{"rendered":"<p>   Stj\u00e4rnorna som kommer till filmfestivalen <img alt=\"Liam Gallagher och Noel Gallagher i Toronto 2025.\" class=\"_image_1jxax_84 layout-component layout-wide\" data-fullscreen- data-track-element-type=\"Article image fullscreen\" data-track-name=\"ImageFullscreen\" fetchpriority=\"high\" decoding=\"sync\" loading=\"eager\" height=\"3333\" itemprop=\"image\"  src=\"https:\/\/www.europesays.com\/se\/wp-content\/uploads\/2026\/09\/ea18c05e-bd48-323d-ac59-6412cd7e9110.jpeg\"  style=\"object-position:0% 0%\" width=\"5000\"\/>Liam Gallagher och Noel Gallagher i Toronto 2025.  Foto: Sammy Kogan\/AP\/TTVisa mer<\/p>\n<p class=\"_textTheme_4io5p_1 _lead_16k26_2 _lead_3ue4t_18 layout-component layout-normal layout-padded _lead_o6m9k_5 _leadTheme_cypwp_1 body-large bold\">De stora amerikanska filmbolagen lyser med sin fr\u00e5nvaro vid \u00e5rets filmfestival i Venedig \u2013 men stj\u00e4rnorna \u00e4r d\u00e4r.<\/p>\n<p class=\"_textTheme_4io5p_1 _lead_16k26_2 _lead_3ue4t_18 layout-component layout-normal layout-padded _lead_o6m9k_5 _leadTheme_cypwp_1 body-large bold\">St\u00f6rst uppm\u00e4rksamhet l\u00e4r det bli kring tv\u00e5 brittiska musiker: Liam och Noel Gallagher.<\/p>\n<p class=\"_textTheme_4io5p_1 _paragraph_16k26_4 _paragraph_3ue4t_27 layout-component layout-normal layout-padded body-medium\">Br\u00f6derna kommer \u2013 s\u00e4gs det \u2013 till premi\u00e4ren av dokument\u00e4ren \u201dOasis: Don\u2019t look back in anger\u201d. Den spelades in under bandets turn\u00e9 h\u00e4rom\u00e5ret och ska enligt uppgift rymma <strong class=\"_strong_16k26_20\">Liam<\/strong> och <strong class=\"_strong_16k26_20\">Noel Gallaghers<\/strong> f\u00f6rsta gemensamma intervju p\u00e5 m\u00e5nga \u00e5r.<\/p>\n<p class=\"_textTheme_4io5p_1 _paragraph_16k26_4 _paragraph_3ue4t_27 layout-component layout-normal layout-padded body-medium\">Filmen har regisserats av <strong class=\"_strong_16k26_20\">Steven Knight<\/strong>, mest k\u00e4nd som upphovsman till \u201dPeaky blinders\u201d och just nu upptagen med att fundera \u00f6ver hur man ska kunna g\u00f6ra en ny James Bond-film.<\/p>\n<p class=\"_textTheme_4io5p_1 _paragraph_16k26_4 _paragraph_3ue4t_27 layout-component layout-normal layout-padded body-medium\"><strong class=\"_strong_16k26_20\">George Clooney<\/strong> och 93-\u00e5riga <strong class=\"_strong_16k26_20\">Ellen Burstyn<\/strong> ska ta emot \u00e5rets hederspris.<\/p>\n<p class=\"_textTheme_4io5p_1 _paragraph_16k26_4 _paragraph_3ue4t_27 layout-component layout-normal layout-padded body-medium\">Festivalen p\u00e5g\u00e5r 2\u201312 september och inleds med <strong class=\"_strong_16k26_20\">Danny Boyles<\/strong> \u201dInk\u201d, som handlar om hur <strong class=\"_strong_16k26_20\">Rupert Murdoch<\/strong> tog \u00f6ver den engelska tabloidmarknaden.<\/p>\n<p class=\"color-accent label-medium _label_bv8db_22\">Fakta<\/p>\n<p>Det h\u00e4nder p\u00e5 festivalen<\/p>\n<p class=\"_textTheme_4io5p_1 _paragraph_16k26_4 _paragraph_3ue4t_27 _paragraph_bv8db_65 layout-component layout-normal layout-padded body-small\">G\u00e4ster i urval: George Clooney, Ellen Burstyn, John Malkovich, Pen\u00e9lope Cruz, Javier Bardem, Robert Pattinson, Kiefer Sutherland samt systrarna Kate och Rooney Mara.<\/p>\n<p class=\"_textTheme_4io5p_1 _paragraph_16k26_4 _paragraph_3ue4t_27 _paragraph_bv8db_65 layout-component layout-normal layout-padded body-small\">Filmer i urval: \u201dBunker\u201d med det \u00e4kta paret Pen\u00e9lope Cruz\/Javier Bardem, pedofilj\u00e4garskildringen \u201dPrimetime\u201d med Robert Pattinson, danska \u201dOk\u00e4nd kvinna\u201d, Russell Crowes musikdokument\u00e4r \u201dWhat love builds\u201d, dokument\u00e4rer om Nino Rota och Bernardo Bertolucci samt nya filmer i regi av Nanni Moretti och Gianni Amelio.<\/p>\n<p>L\u00e4s mer      <\/p>\n","protected":false},"excerpt":{"rendered":"Stj\u00e4rnorna som kommer till filmfestivalen Liam Gallagher och Noel Gallagher i Toronto 2025. Foto: Sammy Kogan\/AP\/TTVisa mer De&hellip;\n","protected":false},"author":2,"featured_media":360265,"comment_status":"","ping_status":"","sticky":false,"template":"","format":"standard","meta":{"footnotes":"","_share_on_mastodon":"0"},"categories":[67],"tags":[104,2315,41078,41077,34,31,33,32,30,105],"class_list":["post-360264","post","type-post","status-publish","format-standard","has-post-thumbnail","category-underhallning","tag-entertainment","tag-filmfestivalen-i-venedig","tag-liam-gallagher","tag-noel-gallagher","tag-se","tag-svenska","tag-sverige","tag-sweden","tag-swedish","tag-underhallning"],"share_on_mastodon":{"url":"https:\/\/pubeurope.com\/@se\/117194801721316094","error":""},"_links":{"self":[{"href":"https:\/\/www.europesays.com\/se\/wp-json\/wp\/v2\/posts\/360264","targetHints":{"allow":["GET"]}}],"collection":[{"href":"https:\/\/www.europesays.com\/se\/wp-json\/wp\/v2\/posts"}],"about":[{"href":"https:\/\/www.europesays.com\/se\/wp-json\/wp\/v2\/types\/post"}],"author":[{"embeddable":true,"href":"https:\/\/www.europesays.com\/se\/wp-json\/wp\/v2\/users\/2"}],"replies":[{"embeddable":true,"href":"https:\/\/www.europesays.com\/se\/wp-json\/wp\/v2\/comments?post=360264"}],"version-history":[{"count":0,"href":"https:\/\/www.europesays.com\/se\/wp-json\/wp\/v2\/posts\/360264\/revisions"}],"wp:featuredmedia":[{"embeddable":true,"href":"https:\/\/www.europesays.com\/se\/wp-json\/wp\/v2\/media\/360265"}],"wp:attachment":[{"href":"https:\/\/www.europesays.com\/se\/wp-json\/wp\/v2\/media?parent=360264"}],"wp:term":[{"taxonomy":"category","embeddable":true,"href":"https:\/\/www.europesays.com\/se\/wp-json\/wp\/v2\/categories?post=360264"},{"taxonomy":"post_tag","embeddable":true,"href":"https:\/\/www.europesays.com\/se\/wp-json\/wp\/v2\/tags?post=360264"}],"curies":[{"name":"wp","href":"https:\/\/api.w.org\/{rel}","templated":true}]}}