{"id":360300,"date":"2026-09-01T08:47:41","date_gmt":"2026-09-01T08:47:41","guid":{"rendered":"https:\/\/www.europesays.com\/se\/360300\/"},"modified":"2026-09-01T08:47:41","modified_gmt":"2026-09-01T08:47:41","slug":"kung-frederik-minns-harald-som-en-alskvard-person","status":"publish","type":"post","link":"https:\/\/www.europesays.com\/se\/360300\/","title":{"rendered":"Kung Frederik: Minns Harald som en \u00e4lskv\u00e4rd person"},"content":{"rendered":"<p>Den danske kungen Frederik uttalar sig f\u00f6r f\u00f6rsta g\u00e5ngen om den norske kungen Haralds d\u00f6d, skriver danska TV2. <\/p>\n<p>\u2013 Jag minns honom som en \u00e4lskv\u00e4rd m\u00e4nniska \u2013 min farbror. Han utstr\u00e5lade alltid lugn och humor, och f\u00f6r mig var han en varm och rolig person som alltid hade r\u00e4tt kommentar vid r\u00e4tt tillf\u00e4lle.<\/p>\n<p>Han s\u00e4ger sig ha fullt f\u00f6rtroende f\u00f6r Haakon som ny kung f\u00f6r Norge och ser fram emot att \u201dtr\u00e4ffa och hj\u00e4lpa honom p\u00e5 alla s\u00e4tt\u201d. <\/p>\n<p>Omni \u00e4r politiskt obundna och oberoende. Vi str\u00e4var efter att ge fler perspektiv p\u00e5 nyheterna. Har du fr\u00e5gor eller synpunkter kring v\u00e5r rapportering? <a href=\"https:\/\/omni.se\/kung-frederik-minns-harald-som-en-alskvard-person\/a\/mailto:redaktion@omni.se\" class=\"ArticleActions-module-scss-module__w9u9BG__contactLink\" rel=\"nofollow noopener\" target=\"_blank\">Kontakta redaktionen<\/a><\/p>\n","protected":false},"excerpt":{"rendered":"Den danske kungen Frederik uttalar sig f\u00f6r f\u00f6rsta g\u00e5ngen om den norske kungen Haralds d\u00f6d, skriver danska TV2.&hellip;\n","protected":false},"author":2,"featured_media":360301,"comment_status":"","ping_status":"","sticky":false,"template":"","format":"standard","meta":{"footnotes":"","_share_on_mastodon":"0"},"categories":[5],"tags":[22,23,1205,267,26,27,17,21,40565,24,25,28,29,15,430,16,18,34,31,33,32,30,19,20],"class_list":["post-360300","post","type-post","status-publish","format-standard","has-post-thumbnail","category-rubriker","tag-breaking-news","tag-breakingnews","tag-danmark","tag-europa","tag-featured-news","tag-featurednews","tag-headlines","tag-huvudnyheter","tag-kung-haralds-dod","tag-latest-news","tag-latestnews","tag-main-news","tag-mainnews","tag-news","tag-norge","tag-nyheter","tag-rubriker","tag-se","tag-svenska","tag-sverige","tag-sweden","tag-swedish","tag-top-stories","tag-topstories"],"share_on_mastodon":{"url":"https:\/\/pubeurope.com\/@se\/117194918678464431","error":""},"_links":{"self":[{"href":"https:\/\/www.europesays.com\/se\/wp-json\/wp\/v2\/posts\/360300","targetHints":{"allow":["GET"]}}],"collection":[{"href":"https:\/\/www.europesays.com\/se\/wp-json\/wp\/v2\/posts"}],"about":[{"href":"https:\/\/www.europesays.com\/se\/wp-json\/wp\/v2\/types\/post"}],"author":[{"embeddable":true,"href":"https:\/\/www.europesays.com\/se\/wp-json\/wp\/v2\/users\/2"}],"replies":[{"embeddable":true,"href":"https:\/\/www.europesays.com\/se\/wp-json\/wp\/v2\/comments?post=360300"}],"version-history":[{"count":0,"href":"https:\/\/www.europesays.com\/se\/wp-json\/wp\/v2\/posts\/360300\/revisions"}],"wp:featuredmedia":[{"embeddable":true,"href":"https:\/\/www.europesays.com\/se\/wp-json\/wp\/v2\/media\/360301"}],"wp:attachment":[{"href":"https:\/\/www.europesays.com\/se\/wp-json\/wp\/v2\/media?parent=360300"}],"wp:term":[{"taxonomy":"category","embeddable":true,"href":"https:\/\/www.europesays.com\/se\/wp-json\/wp\/v2\/categories?post=360300"},{"taxonomy":"post_tag","embeddable":true,"href":"https:\/\/www.europesays.com\/se\/wp-json\/wp\/v2\/tags?post=360300"}],"curies":[{"name":"wp","href":"https:\/\/api.w.org\/{rel}","templated":true}]}}