{"id":360304,"date":"2026-09-01T08:50:11","date_gmt":"2026-09-01T08:50:11","guid":{"rendered":"https:\/\/www.europesays.com\/se\/360304\/"},"modified":"2026-09-01T08:50:11","modified_gmt":"2026-09-01T08:50:11","slug":"sombr-till-sverige-nasta-ar","status":"publish","type":"post","link":"https:\/\/www.europesays.com\/se\/360304\/","title":{"rendered":"Sombr till Sverige n\u00e4sta \u00e5r"},"content":{"rendered":"<p>Publicerad 1 sep 2026 kl 10.30<\/p>\n<p>Sombr kommer till Sverige f\u00f6r en spelning n\u00e4sta \u00e5r.<\/p>\n<p><img   alt=\"\"\/><\/p>\n<p>Sombr.<\/p>\n<p>Foto: EVAN TREACY \/ STELLA PICTURES<\/p>\n<p>\u00d6ppna bild i helsk\u00e4rm<\/p>\n<p>Den amerikanske artisten, som nyligen spelade p\u00e5 Way Out West i G\u00f6teborg, kommer till <a href=\"https:\/\/www.expressen.se\/tagg\/location\/avicii-arena\/\" class=\"\" rel=\"nofollow noopener\" target=\"_blank\">Avicii arena<\/a> i Stockholm den 9 maj. Spelningen \u00e4r en del av hans turn\u00e9 \u201dYou are the reason\u201d, som tagit honom runt v\u00e4rlden det senaste \u00e5ret.<\/p>\n<p>Sombr, som egentligen heter Shane Boose, slog igenom stort med singeln \u201dBack to friends\u201d 2024. Debutalbumet \u201dI barely know her\u201d sl\u00e4pptes i fjol.<\/p>\n<p>Biljetterna till Sverigespelningen sl\u00e4pps den 4 september.<\/p>\n","protected":false},"excerpt":{"rendered":"Publicerad 1 sep 2026 kl 10.30 Sombr kommer till Sverige f\u00f6r en spelning n\u00e4sta \u00e5r. Sombr. Foto: EVAN&hellip;\n","protected":false},"author":2,"featured_media":360305,"comment_status":"","ping_status":"","sticky":false,"template":"","format":"standard","meta":{"footnotes":"","_share_on_mastodon":"0"},"categories":[67],"tags":[4981,104,1591,172,34,31,33,32,30,105],"class_list":["post-360304","post","type-post","status-publish","format-standard","has-post-thumbnail","category-underhallning","tag-avicii-arena","tag-entertainment","tag-konsert","tag-musik","tag-se","tag-svenska","tag-sverige","tag-sweden","tag-swedish","tag-underhallning"],"share_on_mastodon":{"url":"","error":""},"_links":{"self":[{"href":"https:\/\/www.europesays.com\/se\/wp-json\/wp\/v2\/posts\/360304","targetHints":{"allow":["GET"]}}],"collection":[{"href":"https:\/\/www.europesays.com\/se\/wp-json\/wp\/v2\/posts"}],"about":[{"href":"https:\/\/www.europesays.com\/se\/wp-json\/wp\/v2\/types\/post"}],"author":[{"embeddable":true,"href":"https:\/\/www.europesays.com\/se\/wp-json\/wp\/v2\/users\/2"}],"replies":[{"embeddable":true,"href":"https:\/\/www.europesays.com\/se\/wp-json\/wp\/v2\/comments?post=360304"}],"version-history":[{"count":0,"href":"https:\/\/www.europesays.com\/se\/wp-json\/wp\/v2\/posts\/360304\/revisions"}],"wp:featuredmedia":[{"embeddable":true,"href":"https:\/\/www.europesays.com\/se\/wp-json\/wp\/v2\/media\/360305"}],"wp:attachment":[{"href":"https:\/\/www.europesays.com\/se\/wp-json\/wp\/v2\/media?parent=360304"}],"wp:term":[{"taxonomy":"category","embeddable":true,"href":"https:\/\/www.europesays.com\/se\/wp-json\/wp\/v2\/categories?post=360304"},{"taxonomy":"post_tag","embeddable":true,"href":"https:\/\/www.europesays.com\/se\/wp-json\/wp\/v2\/tags?post=360304"}],"curies":[{"name":"wp","href":"https:\/\/api.w.org\/{rel}","templated":true}]}}