{"id":360308,"date":"2026-09-01T08:53:12","date_gmt":"2026-09-01T08:53:12","guid":{"rendered":"https:\/\/www.europesays.com\/se\/360308\/"},"modified":"2026-09-01T08:53:12","modified_gmt":"2026-09-01T08:53:12","slug":"nya-ryska-dronaren-darfor-ar-den-sa-svar-att-skjuta-ner","status":"publish","type":"post","link":"https:\/\/www.europesays.com\/se\/360308\/","title":{"rendered":"Nya ryska dr\u00f6naren: D\u00e4rf\u00f6r \u00e4r den s\u00e5 sv\u00e5r att skjuta ner"},"content":{"rendered":"<p>Ryssland anv\u00e4nder nu allt fler jetdrivna dr\u00f6nare, den s\u00e5 kallade Geran-4. De \u00e4r betydligt snabbare \u00e4n de \u00e4ldre Shahed-baserade modellerna \u2013 och d\u00e4rmed sv\u00e5rare att bek\u00e4mpa.<\/p>\n<p>Enligt <a href=\"https:\/\/gur.gov.ua\/en\/content\/warsanctions-hur-rozkryvaie-budovu-novoho-rosiiskoho-reaktyvnoho-udarnoho-bpla-yeran4\" rel=\"nofollow noopener\" target=\"_blank\">ukrainska underr\u00e4ttelseuppgifter<\/a> kan de komma upp i 500 km\/h och flyga p\u00e5 upp till 5000 meters h\u00f6jd. <\/p>\n<p>Enligt David Hambling, teknisk skribent med fokus p\u00e5 dr\u00f6narutveckling, \u00e4r det framf\u00f6r allt hastigheten som g\u00f6r skillnad.<\/p>\n<p>\u2013 Generellt sett kr\u00e4vs n\u00e5got i stil med en robot f\u00f6r att skjuta ner n\u00e5got som r\u00f6r sig i den hastigheten. Och s\u00e5dana \u00e4r f\u00f6rst\u00e5s b\u00e5de mycket dyra och mycket f\u00e5, konstaterar David Hambling.<\/p>\n<p>\u00d6kat kraftigt <\/p>\n<p>Andelen attacker med Geran-4 har \u00f6kat kraftigt under de senaste m\u00e5naderna och talespersonen f\u00f6r det ukrainska flygvapnet, \u00f6verste Jurij Ihnat, <a href=\"https:\/\/www.businessinsider.com\/jet-powered-drones-russian-attacks-2026-8?\" rel=\"nofollow noopener\" target=\"_blank\">uppger till tidningen Business Insider<\/a> att jetdrivna dr\u00f6nare utg\u00f6r tv\u00e5 tredjedelar av dr\u00f6narna i vissa ryska anfall.<\/p>\n<p>Samtidigt har det totala antalet dr\u00f6nare minskat, enligt David Hambling. Men han s\u00e4ger att det \u00e4nd\u00e5 tycks vara fler som tr\u00e4ffar sina m\u00e5l.<\/p>\n<p>\u2013 Men det \u00e4r f\u00f6r tidigt att dra n\u00e5gra s\u00e4kra slutsatser \u2013 och ett b\u00e4ttre luftf\u00f6rsvar kan snart ta udden av f\u00f6rdelen med jetmotorerna.<\/p>\n","protected":false},"excerpt":{"rendered":"Ryssland anv\u00e4nder nu allt fler jetdrivna dr\u00f6nare, den s\u00e5 kallade Geran-4. De \u00e4r betydligt snabbare \u00e4n de \u00e4ldre&hellip;\n","protected":false},"author":2,"featured_media":360309,"comment_status":"","ping_status":"","sticky":false,"template":"","format":"standard","meta":{"footnotes":"","_share_on_mastodon":"0"},"categories":[14],"tags":[22,23,26,27,17,21,24,25,28,29,15,16,18,34,31,33,32,30,19,20,51,52,53,54],"class_list":["post-360308","post","type-post","status-publish","format-standard","has-post-thumbnail","category-varlden","tag-breaking-news","tag-breakingnews","tag-featured-news","tag-featurednews","tag-headlines","tag-huvudnyheter","tag-latest-news","tag-latestnews","tag-main-news","tag-mainnews","tag-news","tag-nyheter","tag-rubriker","tag-se","tag-svenska","tag-sverige","tag-sweden","tag-swedish","tag-top-stories","tag-topstories","tag-varlden","tag-world","tag-world-news","tag-worldnews"],"share_on_mastodon":{"url":"https:\/\/pubeurope.com\/@se\/117194942604237671","error":""},"_links":{"self":[{"href":"https:\/\/www.europesays.com\/se\/wp-json\/wp\/v2\/posts\/360308","targetHints":{"allow":["GET"]}}],"collection":[{"href":"https:\/\/www.europesays.com\/se\/wp-json\/wp\/v2\/posts"}],"about":[{"href":"https:\/\/www.europesays.com\/se\/wp-json\/wp\/v2\/types\/post"}],"author":[{"embeddable":true,"href":"https:\/\/www.europesays.com\/se\/wp-json\/wp\/v2\/users\/2"}],"replies":[{"embeddable":true,"href":"https:\/\/www.europesays.com\/se\/wp-json\/wp\/v2\/comments?post=360308"}],"version-history":[{"count":0,"href":"https:\/\/www.europesays.com\/se\/wp-json\/wp\/v2\/posts\/360308\/revisions"}],"wp:featuredmedia":[{"embeddable":true,"href":"https:\/\/www.europesays.com\/se\/wp-json\/wp\/v2\/media\/360309"}],"wp:attachment":[{"href":"https:\/\/www.europesays.com\/se\/wp-json\/wp\/v2\/media?parent=360308"}],"wp:term":[{"taxonomy":"category","embeddable":true,"href":"https:\/\/www.europesays.com\/se\/wp-json\/wp\/v2\/categories?post=360308"},{"taxonomy":"post_tag","embeddable":true,"href":"https:\/\/www.europesays.com\/se\/wp-json\/wp\/v2\/tags?post=360308"}],"curies":[{"name":"wp","href":"https:\/\/api.w.org\/{rel}","templated":true}]}}