{"id":360316,"date":"2026-09-01T08:58:16","date_gmt":"2026-09-01T08:58:16","guid":{"rendered":"https:\/\/www.europesays.com\/se\/360316\/"},"modified":"2026-09-01T08:58:16","modified_gmt":"2026-09-01T08:58:16","slug":"ariana-grande-skadad-infor-turneavslutningen","status":"publish","type":"post","link":"https:\/\/www.europesays.com\/se\/360316\/","title":{"rendered":"Ariana Grande skadad inf\u00f6r turn\u00e9avslutningen"},"content":{"rendered":"<p>   \u201dSn\u00e4lla, oroa er inte\u201d<a class=\"_link_1lr5y_108\" href=\"https:\/\/aftonbladet.se\/av\/linn-elmervik\" title=\"Linn Elmervik\" rel=\"nofollow noopener\" target=\"_blank\"><img alt=\"Bild av Linn Elmervik\" class=\"_image_1lr5y_85\" fetchpriority=\"low\" decoding=\"async\" itemprop=\"image\" loading=\"lazy\"  src=\"https:\/\/www.europesays.com\/se\/wp-content\/uploads\/2026\/09\/1788253095_60_94ed2225-2b42-4524-bc76-5423de3d2e9b.png\"  width=\"480\"\/><\/a> <img alt=\"Ariana Grande.\" class=\"_image_1jxax_84 layout-component layout-wide\" data-fullscreen- data-track-element-type=\"Article image fullscreen\" data-track-name=\"ImageFullscreen\" fetchpriority=\"high\" decoding=\"sync\" loading=\"eager\" height=\"1898\" itemprop=\"image\"  src=\"https:\/\/www.europesays.com\/se\/wp-content\/uploads\/2026\/09\/88c81142-1b4b-39bf-adf2-215d4b0ae014.jpeg\"  style=\"object-position:0% 0%\" width=\"2856\"\/>Ariana Grande.  Foto: Richard Shotwell \/ APVisa mer<\/p>\n<p class=\"_textTheme_4io5p_1 _lead_16k26_2 _lead_3ue4t_18 layout-component layout-normal layout-padded _lead_o6m9k_5 _leadTheme_cypwp_1 body-large bold\">Ariana Grande, 33, \u00e4r skadad.<\/p>\n<p class=\"_textTheme_4io5p_1 _lead_16k26_2 _lead_3ue4t_18 layout-component layout-normal layout-padded _lead_o6m9k_5 _leadTheme_cypwp_1 body-large bold\">Det meddelar hon fansen inf\u00f6r turn\u00e9ns sista spelning i kv\u00e4ll. <\/p>\n<p class=\"_textTheme_4io5p_1 _lead_16k26_2 _lead_3ue4t_18 layout-component layout-normal layout-padded _lead_o6m9k_5 _leadTheme_cypwp_1 body-large bold\">\u201dDet \u00e4r inte en stukning eller n\u00e5got muskul\u00e4rt utan bara ett djupt s\u00e5r\u201d, skriver hon p\u00e5 Instagram. <\/p>\n<p class=\"_textTheme_4io5p_1 _paragraph_16k26_4 _paragraph_3ue4t_27 layout-component layout-normal layout-padded body-medium\">I kv\u00e4ll st\u00e5r <strong class=\"_strong_16k26_20\">Ariana Grande<\/strong> p\u00e5 scen i London under sin sista spelning p\u00e5 \u201dEternal sunshine of the spotless mind\u201d-turn\u00e9n. <\/p>\n<p class=\"_textTheme_4io5p_1 _paragraph_16k26_4 _paragraph_3ue4t_27 layout-component layout-normal layout-padded body-medium\">Det kommer hon g\u00f6ra med en fotskada. <\/p>\n<p class=\"_textTheme_4io5p_1 _paragraph_16k26_4 _paragraph_3ue4t_27 layout-component layout-normal layout-padded body-medium\">\u201dMina k\u00e4ra \u2019Petals\u2019, jag vill ber\u00e4tta att jag kommer beh\u00f6va ha sk\u00f6na skor p\u00e5 mig under showen i kv\u00e4ll (och m\u00f6jligtvis imorgon) eftersom jag har bandage undertill och \u00e5terh\u00e4mtar mig fr\u00e5n en mindre skada, skrev hon p\u00e5 Instagram inf\u00f6r sin n\u00e4st sista spelning ig\u00e5r. <\/p>\n<p class=\"_textTheme_4io5p_1 _paragraph_16k26_4 _paragraph_3ue4t_27 layout-component layout-normal layout-padded body-medium\">Hon forts\u00e4tter:<\/p>\n<p class=\"_textTheme_4io5p_1 _paragraph_16k26_4 _paragraph_3ue4t_27 layout-component layout-normal layout-padded body-medium\">\u201dS\u00e5 n\u00e4r ni ser mig ikv\u00e4ll utan mina signaturklackar och kanske till och med har sv\u00e5rt att l\u00e4gga vikt p\u00e5 den foten, s\u00e5 \u00e4r det anledningen. Sn\u00e4lla, oroa er inte\u201d. <\/p>\n<p class=\"_textTheme_4io5p_1 _paragraph_16k26_4 _paragraph_3ue4t_27 layout-component layout-normal layout-padded body-medium\">Uttalandet kommer efter att fans uppm\u00e4rksammat att hon haltade under fredagens spelning i London. <\/p>\n<p class=\"_textTheme_4io5p_1 _paragraph_16k26_4 _paragraph_3ue4t_27 layout-component layout-normal layout-padded body-medium\">Grande har tidigare meddelat att hon kommer ta en paus fr\u00e5n offentligheten efter turn\u00e9n.<\/p>\n<p class=\"_textTheme_4io5p_1 _paragraph_16k26_4 _paragraph_3ue4t_27 layout-component layout-normal layout-padded body-medium\">\u2013 Hon ser fram emot att avsluta turn\u00e9n och avsluta den p\u00e5 topp, b\u00e5de h\u00e4lsosam och lycklig. Sedan tar hon en v\u00e4lf\u00f6rtj\u00e4nt paus fr\u00e5n de offentliga framtr\u00e4danden som har lett till o\u00e4ndlig och st\u00e4ndig granskning fr\u00e5n allm\u00e4nheten, sa hennes talesperson i augusti.<\/p>\n<p> <img alt=\"Ariana Grande p\u00e5 Instagram. \" class=\"_image_1jxax_84 layout-component layout-normal\" data-fullscreen- data-track-element-type=\"Article image fullscreen\" data-track-name=\"ImageFullscreen\" decoding=\"async\" loading=\"lazy\" height=\"1308\" itemprop=\"image\"  src=\"https:\/\/www.europesays.com\/se\/wp-content\/uploads\/2026\/09\/f023667f-0105-362b-82d4-4bf00c0ad60a.png\"  style=\"object-position:0% 0%\" width=\"732\"\/>Ariana Grande p\u00e5 Instagram.  Foto: INSTAGRAMVisa mer         <\/p>\n","protected":false},"excerpt":{"rendered":"\u201dSn\u00e4lla, oroa er inte\u201d Ariana Grande. Foto: Richard Shotwell \/ APVisa mer Ariana Grande, 33, \u00e4r skadad. Det&hellip;\n","protected":false},"author":2,"featured_media":360317,"comment_status":"","ping_status":"","sticky":false,"template":"","format":"standard","meta":{"footnotes":"","_share_on_mastodon":"0"},"categories":[67],"tags":[2956,104,34,31,33,32,30,105],"class_list":["post-360316","post","type-post","status-publish","format-standard","has-post-thumbnail","category-underhallning","tag-ariana-grande","tag-entertainment","tag-se","tag-svenska","tag-sverige","tag-sweden","tag-swedish","tag-underhallning"],"share_on_mastodon":{"url":"https:\/\/pubeurope.com\/@se\/117194962466289125","error":""},"_links":{"self":[{"href":"https:\/\/www.europesays.com\/se\/wp-json\/wp\/v2\/posts\/360316","targetHints":{"allow":["GET"]}}],"collection":[{"href":"https:\/\/www.europesays.com\/se\/wp-json\/wp\/v2\/posts"}],"about":[{"href":"https:\/\/www.europesays.com\/se\/wp-json\/wp\/v2\/types\/post"}],"author":[{"embeddable":true,"href":"https:\/\/www.europesays.com\/se\/wp-json\/wp\/v2\/users\/2"}],"replies":[{"embeddable":true,"href":"https:\/\/www.europesays.com\/se\/wp-json\/wp\/v2\/comments?post=360316"}],"version-history":[{"count":0,"href":"https:\/\/www.europesays.com\/se\/wp-json\/wp\/v2\/posts\/360316\/revisions"}],"wp:featuredmedia":[{"embeddable":true,"href":"https:\/\/www.europesays.com\/se\/wp-json\/wp\/v2\/media\/360317"}],"wp:attachment":[{"href":"https:\/\/www.europesays.com\/se\/wp-json\/wp\/v2\/media?parent=360316"}],"wp:term":[{"taxonomy":"category","embeddable":true,"href":"https:\/\/www.europesays.com\/se\/wp-json\/wp\/v2\/categories?post=360316"},{"taxonomy":"post_tag","embeddable":true,"href":"https:\/\/www.europesays.com\/se\/wp-json\/wp\/v2\/tags?post=360316"}],"curies":[{"name":"wp","href":"https:\/\/api.w.org\/{rel}","templated":true}]}}