{"id":360330,"date":"2026-09-01T09:06:18","date_gmt":"2026-09-01T09:06:18","guid":{"rendered":"https:\/\/www.europesays.com\/se\/360330\/"},"modified":"2026-09-01T09:06:18","modified_gmt":"2026-09-01T09:06:18","slug":"mette-marit-narvarar-inte-nar-kung-haakon-svars-in-tv4-nyheterna","status":"publish","type":"post","link":"https:\/\/www.europesays.com\/se\/360330\/","title":{"rendered":"Mette-Marit n\u00e4rvarar inte n\u00e4r Kung Haakon sv\u00e4rs in &#8211; TV4 Nyheterna"},"content":{"rendered":"<ol>\n<li><a href=\"https:\/\/news.google.com\/rss\/articles\/CBMiogFBVV95cUxNSmpleFFOdXhYZXBDQm9pRzJKMFlKTU1vOFJOQWhtU0ZZYU9lTWlnRGI3Z2RUMFVhZkFoTHhRWXhFSVg2SDJsd09lb2FiNlhuVkxGbHVScnEzMmxMOUJOeGVtTncyU0JqQ2lZdUQzNkpzenVWbUZwQUdGT2dCUXFyUW5kWHNqX0t0MTFwV2VHbnR4WWpRdjBKcTBGT3hWWWVkTHc?oc=5\" target=\"_blank\" rel=\"nofollow noopener\">Mette-Marit n\u00e4rvarar inte n\u00e4r Kung Haakon sv\u00e4rs in<\/a>&nbsp;&nbsp;TV4 Nyheterna<\/li>\n<li><a href=\"https:\/\/news.google.com\/rss\/articles\/CBMiigFBVV95cUxNVVZQaU54QmZUOVNaMmZDRGE0QU41amZuYXhKR2oxcF8wdTJ6bDBURlhBeEM5Mk1ZbEtkSHJZVGRnclhVOFhnZ095cEFrSUdPNDNYNDRydEdCWi0zQWtYVWFxS2ZQbEowWVFqd19vdVBkY2hkZ2VLelFZSl9vRXdoNXBPQzRQbk1nVFE?oc=5\" target=\"_blank\" rel=\"nofollow noopener\">Mette-Marit inte p\u00e5 invigningsceremonin<\/a>&nbsp;&nbsp;Aftonbladet<\/li>\n<li><a href=\"https:\/\/news.google.com\/rss\/articles\/CBMivwFBVV95cUxQVnFnSXZ2eWNYRFY5QXZJQjUxQmprTjhjUVNZcUVVcFdnQTlGUmtuWnVrYlk4cG1CWDk5cnhVVlJla19GNXVqUjh0WE00QURIZmxMY21kbS1LN2g3OW81WTRjRW5KT0tOS0xZanRVcW1YYTk1a193MWJkNTYzcWs4ZTREWHZSNVhtQXBVakVIbzZNbGRKakdHTTlXcUQ4V2FsTUFDR2RvZU9XRTBsM3pYcjEtVE8zQmQzV0dfR0Q4VQ?oc=5\" target=\"_blank\" rel=\"nofollow noopener\">Haakon sv\u00e4r eden \u2013 samtidigt \u00f6kar st\u00f6det f\u00f6r monarkin<\/a>&nbsp;&nbsp;G\u00f6teborgs-Posten<\/li>\n<li><a href=\"https:\/\/news.google.com\/rss\/articles\/CBMipAFBVV95cUxQdGJPaldaVEJqZnhrTVlEcWlnRHZXNnVWVEZ5VzhZTERDdldKYjEwTlMxSXV3eVFwWWVfdUZCUWI4bGVRYmJaV3BvcGRhQUdnNWd0YV9IM1FYeGZIUjNZMjYtXzUtaWJ3eVhxajBBNV9oWU84dGNtTmZlY256VVhtRVBkVU5fWGN2MVFicmhEYUJyT3RUMXVWNURjT0x1WC0tcC02bg?oc=5\" target=\"_blank\" rel=\"nofollow noopener\">Mette-Marit missar kungens ed \u2013 efter komplikationer<\/a>&nbsp;&nbsp;Kvartal<\/li>\n<li><a href=\"https:\/\/news.google.com\/rss\/articles\/CBMihwFBVV95cUxQSjlBSWFnWEhyOElLZ2dWVkh2eTdmODVROEJ0b2VZODE0WHY2eXBraU5hSEFtcUFqcmJiVmw3TUZYcExZMmNGR3NUaHN6OTJqSjhaTzNvMFJrc0dwWVdkbW1tV2UzT3NmdUVZNnJxTHlKMUdGVVg4V1lVcnBoWlI4LUllVHZ5RTQ?oc=5\" target=\"_blank\" rel=\"nofollow noopener\">Kung Haakon ska avl\u00e4gga ed \u2013 Mette-Marit kommer n\u00e4rvara<\/a>&nbsp;&nbsp;Omni \u2013 Alla nyheter. Alla perspektiv.<\/li>\n<\/ol>\n","protected":false},"excerpt":{"rendered":"Mette-Marit n\u00e4rvarar inte n\u00e4r Kung Haakon sv\u00e4rs in&nbsp;&nbsp;TV4 Nyheterna Mette-Marit inte p\u00e5 invigningsceremonin&nbsp;&nbsp;Aftonbladet Haakon sv\u00e4r eden \u2013 samtidigt&hellip;\n","protected":false},"author":2,"featured_media":360331,"comment_status":"","ping_status":"","sticky":false,"template":"","format":"standard","meta":{"footnotes":"","_share_on_mastodon":"0"},"categories":[67],"tags":[104,34,31,33,32,30,105],"class_list":["post-360330","post","type-post","status-publish","format-standard","has-post-thumbnail","category-underhallning","tag-entertainment","tag-se","tag-svenska","tag-sverige","tag-sweden","tag-swedish","tag-underhallning"],"share_on_mastodon":{"url":"https:\/\/pubeurope.com\/@se\/117194993422892600","error":""},"_links":{"self":[{"href":"https:\/\/www.europesays.com\/se\/wp-json\/wp\/v2\/posts\/360330","targetHints":{"allow":["GET"]}}],"collection":[{"href":"https:\/\/www.europesays.com\/se\/wp-json\/wp\/v2\/posts"}],"about":[{"href":"https:\/\/www.europesays.com\/se\/wp-json\/wp\/v2\/types\/post"}],"author":[{"embeddable":true,"href":"https:\/\/www.europesays.com\/se\/wp-json\/wp\/v2\/users\/2"}],"replies":[{"embeddable":true,"href":"https:\/\/www.europesays.com\/se\/wp-json\/wp\/v2\/comments?post=360330"}],"version-history":[{"count":0,"href":"https:\/\/www.europesays.com\/se\/wp-json\/wp\/v2\/posts\/360330\/revisions"}],"wp:featuredmedia":[{"embeddable":true,"href":"https:\/\/www.europesays.com\/se\/wp-json\/wp\/v2\/media\/360331"}],"wp:attachment":[{"href":"https:\/\/www.europesays.com\/se\/wp-json\/wp\/v2\/media?parent=360330"}],"wp:term":[{"taxonomy":"category","embeddable":true,"href":"https:\/\/www.europesays.com\/se\/wp-json\/wp\/v2\/categories?post=360330"},{"taxonomy":"post_tag","embeddable":true,"href":"https:\/\/www.europesays.com\/se\/wp-json\/wp\/v2\/tags?post=360330"}],"curies":[{"name":"wp","href":"https:\/\/api.w.org\/{rel}","templated":true}]}}