{"id":360342,"date":"2026-09-01T09:14:19","date_gmt":"2026-09-01T09:14:19","guid":{"rendered":"https:\/\/www.europesays.com\/se\/360342\/"},"modified":"2026-09-01T09:14:19","modified_gmt":"2026-09-01T09:14:19","slug":"np3-koper-gammal-badanlaggning-i-sundsvall","status":"publish","type":"post","link":"https:\/\/www.europesays.com\/se\/360342\/","title":{"rendered":"NP3 k\u00f6per gammal badanl\u00e4ggning i Sundsvall"},"content":{"rendered":"<p>Tranvikens badanl\u00e4ggning har sedan 2018 st\u00e5tt tom och har f\u00f6rfallit. I b\u00f6rjan av 2000-talet s\u00e5lde Sundsvalls kommun anl\u00e4ggningen p\u00e5 Aln\u00f6 utanf\u00f6r Sundsvall till en privat akt\u00f6r. Nu har fastighetsbolaget NP3 k\u00f6pt anl\u00e4ggningen \u2013 en n\u00e5got udda aff\u00e4r.<\/p>\n<p>\n\tPublicerades idag<\/p>\n<p>\u2013 Det st\u00e4mmer att vi har k\u00f6pt anl\u00e4ggningen. Mer vill jag inte s\u00e4ga just nu, s\u00e4ger Andreas Wahl\u00e9n, vd p\u00e5 NP3 till <a href=\"https:\/\/www.st.nu\/sundsvall\/bolaget-slar-till-koper-tranviken\/\" rel=\"nofollow noopener\" target=\"_blank\">Sundsvalls Tidning<\/a>.<\/p>\n<p>En f\u00f6rsta plan \u00e4r att riva och snygga upp omr\u00e5det. Anl\u00e4ggningen har i flera \u00e5r varit st\u00e4ngd och har f\u00f6rfallit. D\u00e5varande operat\u00f6r gick 2018 i konkurs, och i b\u00f6rjan av 2000-talet k\u00f6pte en privat \u00e4gare anl\u00e4ggningen. Nu blir allts\u00e5 NP3 ny \u00e4gare.<\/p>\n<p>\u2013 Nu tilltr\u00e4der en stabil \u00e4gare fastigheten och vi ser fram emot att ha en f\u00f6rdjupad dialog med bolaget, s\u00e4ger stadsbyggnadsn\u00e4mndens ordf\u00f6rande Jeanette Hedlund (S), i ett pressmeddelande.<\/p>\n","protected":false},"excerpt":{"rendered":"Tranvikens badanl\u00e4ggning har sedan 2018 st\u00e5tt tom och har f\u00f6rfallit. I b\u00f6rjan av 2000-talet s\u00e5lde Sundsvalls kommun anl\u00e4ggningen&hellip;\n","protected":false},"author":2,"featured_media":360343,"comment_status":"","ping_status":"","sticky":false,"template":"","format":"standard","meta":{"footnotes":"","_share_on_mastodon":"0"},"categories":[67],"tags":[104,34,31,33,32,30,105],"class_list":["post-360342","post","type-post","status-publish","format-standard","has-post-thumbnail","category-underhallning","tag-entertainment","tag-se","tag-svenska","tag-sverige","tag-sweden","tag-swedish","tag-underhallning"],"share_on_mastodon":{"url":"https:\/\/pubeurope.com\/@se\/117195025145710447","error":""},"_links":{"self":[{"href":"https:\/\/www.europesays.com\/se\/wp-json\/wp\/v2\/posts\/360342","targetHints":{"allow":["GET"]}}],"collection":[{"href":"https:\/\/www.europesays.com\/se\/wp-json\/wp\/v2\/posts"}],"about":[{"href":"https:\/\/www.europesays.com\/se\/wp-json\/wp\/v2\/types\/post"}],"author":[{"embeddable":true,"href":"https:\/\/www.europesays.com\/se\/wp-json\/wp\/v2\/users\/2"}],"replies":[{"embeddable":true,"href":"https:\/\/www.europesays.com\/se\/wp-json\/wp\/v2\/comments?post=360342"}],"version-history":[{"count":0,"href":"https:\/\/www.europesays.com\/se\/wp-json\/wp\/v2\/posts\/360342\/revisions"}],"wp:featuredmedia":[{"embeddable":true,"href":"https:\/\/www.europesays.com\/se\/wp-json\/wp\/v2\/media\/360343"}],"wp:attachment":[{"href":"https:\/\/www.europesays.com\/se\/wp-json\/wp\/v2\/media?parent=360342"}],"wp:term":[{"taxonomy":"category","embeddable":true,"href":"https:\/\/www.europesays.com\/se\/wp-json\/wp\/v2\/categories?post=360342"},{"taxonomy":"post_tag","embeddable":true,"href":"https:\/\/www.europesays.com\/se\/wp-json\/wp\/v2\/tags?post=360342"}],"curies":[{"name":"wp","href":"https:\/\/api.w.org\/{rel}","templated":true}]}}