{"id":360354,"date":"2026-09-01T09:22:21","date_gmt":"2026-09-01T09:22:21","guid":{"rendered":"https:\/\/www.europesays.com\/se\/360354\/"},"modified":"2026-09-01T09:22:21","modified_gmt":"2026-09-01T09:22:21","slug":"dolly-parton-far-festivalen-dollyfest-i-nashville-och-london","status":"publish","type":"post","link":"https:\/\/www.europesays.com\/se\/360354\/","title":{"rendered":"Dolly Parton f\u00e5r festivalen DollyFest i Nashville och London"},"content":{"rendered":"<p>   <img alt=\"Dolly Parton. Arkivbild.\" class=\"_image_1jxax_84 layout-component layout-wide\" data-fullscreen- data-track-element-type=\"Article image fullscreen\" data-track-name=\"ImageFullscreen\" fetchpriority=\"high\" decoding=\"sync\" loading=\"eager\" height=\"1879\" itemprop=\"image\"  src=\"https:\/\/www.europesays.com\/se\/wp-content\/uploads\/2026\/09\/1788254541_420_08513840-42d1-3ee6-90fe-3448e12a4505.jpeg\"  style=\"object-position:0% 0%\" width=\"2819\"\/>Dolly Parton. Arkivbild.  Foto: Amy Harris\/AP\/TTVisa mer<\/p>\n<p class=\"_textTheme_4io5p_1 _lead_16k26_2 _lead_3ue4t_18 layout-component layout-normal layout-padded _lead_o6m9k_5 _leadTheme_cypwp_1 body-large bold\">Dolly Parton f\u00e5r en egen festival i Nashville och London, skriver BBC.<\/p>\n<p class=\"_textTheme_4io5p_1 _paragraph_16k26_4 _paragraph_3ue4t_27 layout-component layout-normal layout-padded body-medium\">Den stj\u00e4rnsp\u00e4ckade tv\u00e5dagarsfestivalen DollyFest kommer att \u00e4ga rum under tv\u00e5 p\u00e5 varandra f\u00f6ljande helger i b\u00e5da st\u00e4derna 2027, uppgav <strong class=\"_strong_16k26_20\">Partons<\/strong> d\u00f6dsbo i ett pressmeddelande p\u00e5 m\u00e5ndagen, och lade till att de exakta datumen kommer att meddelas senare.<\/p>\n<p class=\"_textTheme_4io5p_1 _paragraph_16k26_4 _paragraph_3ue4t_27 layout-component layout-normal layout-padded body-medium\">Festivalen var f\u00f6rst t\u00e4nkt att \u00e4ga rum i januari i \u00e5r med Parton som v\u00e4rd, men den p\u00e5 grund av stj\u00e4rnans h\u00e4lsoproblem st\u00e4lldes den in innan den blivit k\u00e4nd f\u00f6r allm\u00e4nheten, enligt d\u00f6dsboet.<\/p>\n<p class=\"_textTheme_4io5p_1 _paragraph_16k26_4 _paragraph_3ue4t_27 layout-component layout-normal layout-padded body-medium\">Festivalen kommer att ers\u00e4tta en traditionell offentlig minnesstund f\u00f6r artisten, som avled vid 80 \u00e5rs \u00e5lder den 25 augusti efter en kort tids sjukdom.<\/p>\n","protected":false},"excerpt":{"rendered":"Dolly Parton. Arkivbild. Foto: Amy Harris\/AP\/TTVisa mer Dolly Parton f\u00e5r en egen festival i Nashville och London, skriver&hellip;\n","protected":false},"author":2,"featured_media":360355,"comment_status":"","ping_status":"","sticky":false,"template":"","format":"standard","meta":{"footnotes":"","_share_on_mastodon":"0"},"categories":[67],"tags":[4366,104,3583,6085,34,31,33,32,30,105],"class_list":["post-360354","post","type-post","status-publish","format-standard","has-post-thumbnail","category-underhallning","tag-dolly-parton","tag-entertainment","tag-london","tag-nashville","tag-se","tag-svenska","tag-sverige","tag-sweden","tag-swedish","tag-underhallning"],"share_on_mastodon":{"url":"https:\/\/pubeurope.com\/@se\/117195057302840251","error":""},"_links":{"self":[{"href":"https:\/\/www.europesays.com\/se\/wp-json\/wp\/v2\/posts\/360354","targetHints":{"allow":["GET"]}}],"collection":[{"href":"https:\/\/www.europesays.com\/se\/wp-json\/wp\/v2\/posts"}],"about":[{"href":"https:\/\/www.europesays.com\/se\/wp-json\/wp\/v2\/types\/post"}],"author":[{"embeddable":true,"href":"https:\/\/www.europesays.com\/se\/wp-json\/wp\/v2\/users\/2"}],"replies":[{"embeddable":true,"href":"https:\/\/www.europesays.com\/se\/wp-json\/wp\/v2\/comments?post=360354"}],"version-history":[{"count":0,"href":"https:\/\/www.europesays.com\/se\/wp-json\/wp\/v2\/posts\/360354\/revisions"}],"wp:featuredmedia":[{"embeddable":true,"href":"https:\/\/www.europesays.com\/se\/wp-json\/wp\/v2\/media\/360355"}],"wp:attachment":[{"href":"https:\/\/www.europesays.com\/se\/wp-json\/wp\/v2\/media?parent=360354"}],"wp:term":[{"taxonomy":"category","embeddable":true,"href":"https:\/\/www.europesays.com\/se\/wp-json\/wp\/v2\/categories?post=360354"},{"taxonomy":"post_tag","embeddable":true,"href":"https:\/\/www.europesays.com\/se\/wp-json\/wp\/v2\/tags?post=360354"}],"curies":[{"name":"wp","href":"https:\/\/api.w.org\/{rel}","templated":true}]}}