{"id":360816,"date":"2026-09-01T14:51:14","date_gmt":"2026-09-01T14:51:14","guid":{"rendered":"https:\/\/www.europesays.com\/se\/360816\/"},"modified":"2026-09-01T14:51:14","modified_gmt":"2026-09-01T14:51:14","slug":"bonnier-books-om-kopet-av-nextory-kommer-fa-kritik","status":"publish","type":"post","link":"https:\/\/www.europesays.com\/se\/360816\/","title":{"rendered":"Bonnier Books om k\u00f6pet av Nextory: Kommer f\u00e5 kritik"},"content":{"rendered":"<p>Nextory erbjuder ljudb\u00f6cker och e-b\u00f6cker i tio l\u00e4nder, bland annat i Sverige. Om k\u00f6pet g\u00e5r igenom blir Bonnier Books \u2013 som sedan tidigare \u00e4ger Nextorys konkurrent Book Beat \u2013 en av Europas dominerande str\u00f6mningstj\u00e4nster f\u00f6r ljudb\u00f6cker och e-b\u00f6cker.<\/p>\n<p>Bonnier Books, med vd H\u00e5kan Rudels, k\u00f6per Nextory kontant och de b\u00e5da bolagen har kommit \u00f6verens om att inte avsl\u00f6ja k\u00f6peskillingen. Innan aff\u00e4ren \u00e4r i hamn m\u00e5ste den dock godk\u00e4nnas av Konkurrensverket. Av de renodlade ljudbokstj\u00e4nsterna blir Book Beat och konkurrenten Storytel de tv\u00e5 dominerande tj\u00e4nsterna i Sverige.<\/p>\n<p><strong>Ni kommer sannolikt f\u00e5 kritik f\u00f6r att ni minskar m\u00e5ngfalden i branschen n\u00e4r ni k\u00f6per en konkurrent p\u00e5 en marknad med f\u00e5 akt\u00f6rer?<\/strong><\/p>\n<p>\u2013 Ja, det vet vi att s\u00e5 kommer det ju att bli. M\u00e5nga i v\u00e5r bransch och runt omkring som definierar Bonniers som den stora, medger H\u00e5kan Rudels.<\/p>\n<p>\u2013 Men man m\u00e5ste titta p\u00e5 ljudboksmarknaden som helhet. Tittar man p\u00e5 hur m\u00e5nga m\u00e4nniskor som har tillg\u00e5ng till ljudb\u00f6cker s\u00e5 \u00e4r Spotify ledande i Sverige. Och konkurrensen kommer att h\u00e5rdna. Amazons Audible \u00e4r p\u00e5 v\u00e4g in, s\u00e4ger vd H\u00e5kan Rudels.<\/p>\n<p><strong>Ser ni detta som starten p\u00e5 en ytterligare internationell satsning p\u00e5 att v\u00e4xa?<\/strong><\/p>\n<p>\u2013 Nej, inte f\u00f6r v\u00e5r del. D\u00e5 m\u00f6ter man ju de h\u00e4r f\u00f6retagen som jag n\u00e4mnde p\u00e5 varje marknad d\u00e4r de dessutom har ett f\u00f6rspr\u00e5ng. V\u00e5ra planer str\u00e4cker sig till Norden, Tyskland och n\u00e5gra europeiska l\u00e4nder till. Och det \u00e4r ungef\u00e4r d\u00e4r vi \u00e4r i dag, s\u00e4ger H\u00e5kan Rudels.<\/p>\n<p><strong>Varken H\u00e5kan Rudels eller<\/strong> Nextorys vd Shadi Bitar vill uttala sig om huruvida Nexstory ska inlemmas i Bookbeat eller forts\u00e4tta som eget f\u00f6retag. Shadi Bitar vill inte heller uttala sig om sin framtid som vd om aff\u00e4ren g\u00e5r igenom.<\/p>\n<p>\u2013 Det vi har kommunicerat i dag \u00e4r att vi har sajnat ett avtal med Bonnier Books d\u00e4r vi \u00e4r \u00f6verens om aff\u00e4ren. N\u00e4sta steg \u00e4r villkorat Konkurrensverkets godk\u00e4nnande, s\u00e4ger Shadi Bitar.<\/p>\n<p><strong>Hur k\u00e4nns det att g\u00e5 vidare fr\u00e5n den roll du har haft i Nexstory fram till i dag?<\/strong><\/p>\n<p>\u2013 Det har varit en fantastisk resa. Jag har varit med och byggt Nextory fr\u00e5n start till att bli en av de ledande streamingtj\u00e4nsterna i Europa som finns i ett tiotal l\u00e4nder i Europa. Det \u00e4r n\u00e5gonting jag \u00e4r v\u00e4ldigt stolt \u00f6ver. I sj\u00e4l och hj\u00e4rta \u00e4r jag en entrepren\u00f6r som tidigare har grundat bolag, f\u00f6rv\u00e4rvat bolag och s\u00e5lt bolag. S\u00e5 visst k\u00e4nns det lite vemodigt att avsluta detta kapitel och starta ett nytt.<\/p>\n<p>Shadi Bitar ser dock att det finns m\u00f6jlighet till \u00f6kand l\u00f6nsamhet p\u00e5 marknaden f\u00f6r str\u00f6mningstj\u00e4nster.<\/p>\n<p>\u2013 Det lockar ocks\u00e5 till sig andra spelare, s\u00e5 vi har i dag en alltmer konkurrensutsatt marknad, vilket g\u00f6r att storlek blir viktigare. Den h\u00e4r aff\u00e4ren skapar en konkurrenskraftig kombination som ger goda f\u00f6ruts\u00e4ttningar att forts\u00e4tta v\u00e4xa, s\u00e4ger Bitar.<\/p>\n","protected":false},"excerpt":{"rendered":"Nextory erbjuder ljudb\u00f6cker och e-b\u00f6cker i tio l\u00e4nder, bland annat i Sverige. Om k\u00f6pet g\u00e5r igenom blir Bonnier&hellip;\n","protected":false},"author":2,"featured_media":360817,"comment_status":"","ping_status":"","sticky":false,"template":"","format":"standard","meta":{"footnotes":"","_share_on_mastodon":"0"},"categories":[65],"tags":[72,70,71,34,31,33,32,30],"class_list":["post-360816","post","type-post","status-publish","format-standard","has-post-thumbnail","category-ekonomi","tag-business","tag-economy","tag-ekonomi","tag-se","tag-svenska","tag-sverige","tag-sweden","tag-swedish"],"share_on_mastodon":{"url":"https:\/\/pubeurope.com\/@se\/117196350145717553","error":""},"_links":{"self":[{"href":"https:\/\/www.europesays.com\/se\/wp-json\/wp\/v2\/posts\/360816","targetHints":{"allow":["GET"]}}],"collection":[{"href":"https:\/\/www.europesays.com\/se\/wp-json\/wp\/v2\/posts"}],"about":[{"href":"https:\/\/www.europesays.com\/se\/wp-json\/wp\/v2\/types\/post"}],"author":[{"embeddable":true,"href":"https:\/\/www.europesays.com\/se\/wp-json\/wp\/v2\/users\/2"}],"replies":[{"embeddable":true,"href":"https:\/\/www.europesays.com\/se\/wp-json\/wp\/v2\/comments?post=360816"}],"version-history":[{"count":0,"href":"https:\/\/www.europesays.com\/se\/wp-json\/wp\/v2\/posts\/360816\/revisions"}],"wp:featuredmedia":[{"embeddable":true,"href":"https:\/\/www.europesays.com\/se\/wp-json\/wp\/v2\/media\/360817"}],"wp:attachment":[{"href":"https:\/\/www.europesays.com\/se\/wp-json\/wp\/v2\/media?parent=360816"}],"wp:term":[{"taxonomy":"category","embeddable":true,"href":"https:\/\/www.europesays.com\/se\/wp-json\/wp\/v2\/categories?post=360816"},{"taxonomy":"post_tag","embeddable":true,"href":"https:\/\/www.europesays.com\/se\/wp-json\/wp\/v2\/tags?post=360816"}],"curies":[{"name":"wp","href":"https:\/\/api.w.org\/{rel}","templated":true}]}}