{"id":360826,"date":"2026-09-01T14:59:11","date_gmt":"2026-09-01T14:59:11","guid":{"rendered":"https:\/\/www.europesays.com\/se\/360826\/"},"modified":"2026-09-01T14:59:11","modified_gmt":"2026-09-01T14:59:11","slug":"kedjehus-pa-135-kvadratmeter-fran-1975-salt-i-norrtalje-priset-3-100-000-kronor","status":"publish","type":"post","link":"https:\/\/www.europesays.com\/se\/360826\/","title":{"rendered":"Kedjehus p\u00e5 135 kvadratmeter fr\u00e5n 1975 s\u00e5lt i Norrt\u00e4lje \u2013 priset: 3\u00a0100\u00a0000 kronor"},"content":{"rendered":"<p> \u00c4garbytet blev klart i juli 2026 och k\u00f6pesumman blev 3\u00a0100\u00a0000 kronor. Kedjehuset \u00e4r 135 kvadratmeter stort och byggdes 1975.<\/p>\n<p>Nyligen s\u00e5ldes ett annat hus lite mindre \u00e4n en kilometer d\u00e4rifr\u00e5n, p\u00e5 R\u00f6nnb\u00e4rsv\u00e4gen 16B. Priset blev d\u00e4r 4\u00a0300\u00a0000 kronor, f\u00f6r det 128 kvadratmeter stora huset.<\/p>\n<p>De senaste tolv m\u00e5naderna har det s\u00e5lts 33 hus inom en kilometer fr\u00e5n den h\u00e4r fastigheten. Det dyraste var Solbacka Strandv\u00e4g 18, som gick f\u00f6r 8\u00a0000\u00a0000 kronor.<\/p>\n","protected":false},"excerpt":{"rendered":"\u00c4garbytet blev klart i juli 2026 och k\u00f6pesumman blev 3\u00a0100\u00a0000 kronor. Kedjehuset \u00e4r 135 kvadratmeter stort och byggdes&hellip;\n","protected":false},"author":2,"featured_media":360827,"comment_status":"","ping_status":"","sticky":false,"template":"","format":"standard","meta":{"footnotes":"","_share_on_mastodon":"0"},"categories":[65],"tags":[72,70,71,34,31,33,32,30],"class_list":["post-360826","post","type-post","status-publish","format-standard","has-post-thumbnail","category-ekonomi","tag-business","tag-economy","tag-ekonomi","tag-se","tag-svenska","tag-sverige","tag-sweden","tag-swedish"],"share_on_mastodon":{"url":"https:\/\/pubeurope.com\/@se\/117196381599367031","error":""},"_links":{"self":[{"href":"https:\/\/www.europesays.com\/se\/wp-json\/wp\/v2\/posts\/360826","targetHints":{"allow":["GET"]}}],"collection":[{"href":"https:\/\/www.europesays.com\/se\/wp-json\/wp\/v2\/posts"}],"about":[{"href":"https:\/\/www.europesays.com\/se\/wp-json\/wp\/v2\/types\/post"}],"author":[{"embeddable":true,"href":"https:\/\/www.europesays.com\/se\/wp-json\/wp\/v2\/users\/2"}],"replies":[{"embeddable":true,"href":"https:\/\/www.europesays.com\/se\/wp-json\/wp\/v2\/comments?post=360826"}],"version-history":[{"count":0,"href":"https:\/\/www.europesays.com\/se\/wp-json\/wp\/v2\/posts\/360826\/revisions"}],"wp:featuredmedia":[{"embeddable":true,"href":"https:\/\/www.europesays.com\/se\/wp-json\/wp\/v2\/media\/360827"}],"wp:attachment":[{"href":"https:\/\/www.europesays.com\/se\/wp-json\/wp\/v2\/media?parent=360826"}],"wp:term":[{"taxonomy":"category","embeddable":true,"href":"https:\/\/www.europesays.com\/se\/wp-json\/wp\/v2\/categories?post=360826"},{"taxonomy":"post_tag","embeddable":true,"href":"https:\/\/www.europesays.com\/se\/wp-json\/wp\/v2\/tags?post=360826"}],"curies":[{"name":"wp","href":"https:\/\/api.w.org\/{rel}","templated":true}]}}