{"id":360840,"date":"2026-09-01T15:07:09","date_gmt":"2026-09-01T15:07:09","guid":{"rendered":"https:\/\/www.europesays.com\/se\/360840\/"},"modified":"2026-09-01T15:07:09","modified_gmt":"2026-09-01T15:07:09","slug":"rantorna-rusar-ond-spiral-ingen-lattnad-i-sikte","status":"publish","type":"post","link":"https:\/\/www.europesays.com\/se\/360840\/","title":{"rendered":"R\u00e4ntorna rusar: \u201dOnd spiral \u2013 ingen l\u00e4ttnad i sikte\u201d"},"content":{"rendered":"<p>Investerare dumpar globala statsobligationer och skickar upp marknadsr\u00e4ntorna. Brittiska l\u00e5nekostnader \u00e4r nu de h\u00f6gsta sedan finanskrisen 2008 och i Japan sedan 1990-talet, noterar Financial Times.<\/p>\n<p>Upptrappningen i Mellan\u00f6stern \u00f6kar oron f\u00f6r att inflationen ska tvinga centralbankerna till snabbare r\u00e4nteh\u00f6jningar.<\/p>\n<p>Royal Londons r\u00e4ntechef Craig Inches beskriver obligationsmarknaden som \u201den ond spiral\u201d utan l\u00e4ttnad i sikte.<\/p>\n<p>\u2013 Konflikten f\u00f6rsvinner inte, r\u00e4ntorna m\u00e5ste prisa in st\u00f6rre os\u00e4kerhet samtidigt som regeringarna fortfarande har stora l\u00e5nebehov, s\u00e4ger han till FT.<\/p>\n<p>Miller Tabaks Matt Maley konstaterar att b\u00f6rsen hittills ignorerat r\u00e4nteuppg\u00e5ngen.<\/p>\n<p>\u2013 Men som vi sett tidigare spelar h\u00f6gre r\u00e4ntor ingen roll f\u00f6r aktier \u2013 tills de pl\u00f6tsligt g\u00f6r det, s\u00e4ger han till Bloomberg.<\/p>\n<p>Omni \u00e4r politiskt obundna och oberoende. Vi str\u00e4var efter att ge fler perspektiv p\u00e5 nyheterna. Har du fr\u00e5gor eller synpunkter kring v\u00e5r rapportering? <a href=\"https:\/\/omni.se\/rantorna-rusar-ond-spiral-ingen-lattnad-i-sikte\/a\/mailto:redaktion@omni.se\" class=\"ArticleActions-module-scss-module__w9u9BG__contactLink\" rel=\"nofollow noopener\" target=\"_blank\">Kontakta redaktionen<\/a><\/p>\n","protected":false},"excerpt":{"rendered":"Investerare dumpar globala statsobligationer och skickar upp marknadsr\u00e4ntorna. Brittiska l\u00e5nekostnader \u00e4r nu de h\u00f6gsta sedan finanskrisen 2008 och&hellip;\n","protected":false},"author":2,"featured_media":360841,"comment_status":"","ping_status":"","sticky":false,"template":"","format":"standard","meta":{"footnotes":"","_share_on_mastodon":"0"},"categories":[65],"tags":[72,70,71,324,125,2344,349,34,2345,31,33,32,30,398],"class_list":["post-360840","post","type-post","status-publish","format-standard","has-post-thumbnail","category-ekonomi","tag-business","tag-economy","tag-ekonomi","tag-makroekonomi","tag-mellanosternkrisen","tag-obligationer","tag-privatekonomi","tag-se","tag-statsobligationer","tag-svenska","tag-sverige","tag-sweden","tag-swedish","tag-wall-street"],"share_on_mastodon":{"url":"https:\/\/pubeurope.com\/@se\/117196412890939569","error":""},"_links":{"self":[{"href":"https:\/\/www.europesays.com\/se\/wp-json\/wp\/v2\/posts\/360840","targetHints":{"allow":["GET"]}}],"collection":[{"href":"https:\/\/www.europesays.com\/se\/wp-json\/wp\/v2\/posts"}],"about":[{"href":"https:\/\/www.europesays.com\/se\/wp-json\/wp\/v2\/types\/post"}],"author":[{"embeddable":true,"href":"https:\/\/www.europesays.com\/se\/wp-json\/wp\/v2\/users\/2"}],"replies":[{"embeddable":true,"href":"https:\/\/www.europesays.com\/se\/wp-json\/wp\/v2\/comments?post=360840"}],"version-history":[{"count":0,"href":"https:\/\/www.europesays.com\/se\/wp-json\/wp\/v2\/posts\/360840\/revisions"}],"wp:featuredmedia":[{"embeddable":true,"href":"https:\/\/www.europesays.com\/se\/wp-json\/wp\/v2\/media\/360841"}],"wp:attachment":[{"href":"https:\/\/www.europesays.com\/se\/wp-json\/wp\/v2\/media?parent=360840"}],"wp:term":[{"taxonomy":"category","embeddable":true,"href":"https:\/\/www.europesays.com\/se\/wp-json\/wp\/v2\/categories?post=360840"},{"taxonomy":"post_tag","embeddable":true,"href":"https:\/\/www.europesays.com\/se\/wp-json\/wp\/v2\/tags?post=360840"}],"curies":[{"name":"wp","href":"https:\/\/api.w.org\/{rel}","templated":true}]}}