{"id":360852,"date":"2026-09-01T15:16:22","date_gmt":"2026-09-01T15:16:22","guid":{"rendered":"https:\/\/www.europesays.com\/se\/360852\/"},"modified":"2026-09-01T15:16:22","modified_gmt":"2026-09-01T15:16:22","slug":"affarsvarlden-20","status":"publish","type":"post","link":"https:\/\/www.europesays.com\/se\/360852\/","title":{"rendered":"Aff\u00e4rsv\u00e4rlden"},"content":{"rendered":"<p>St\u00e5lbolaget SSAB f\u00e5r s\u00e4ljr\u00e5d av Aff\u00e4rsv\u00e4rlden i en ny analys.<br \/>&#8221;Det som \u00e4r centralt f\u00f6r SSAB:s aktie \u00e4r vad l\u00f6nsamheten kommer vara efter hela omst\u00e4llningen v\u00e4ntas vara klar 2029. Vinstutvecklingen fram till dess \u00e4r inte lika viktig tror Afv. SSAB p\u00e5minner idag i n\u00e5gon m\u00e5n av en f\u00f6rhoppningsaktie&#8221;, skriver Aff\u00e4rsv\u00e4rlden.<br \/>Aff\u00e4rsv\u00e4rlden konstaterar att den omst\u00e4llning SSAB h\u00e5ller p\u00e5 med \u00e4r nog p\u00e5 m\u00e5nga s\u00e4tt n\u00f6dv\u00e4ndig. <br \/>&#8221;Att \u00e4ga aktien \u00e4r dock inte n\u00f6dv\u00e4ndigt. De risker vi tror oss se \u00f6verv\u00e4ger helt klart den potentiella uppsidan. R\u00e5det blir s\u00e4lj f\u00f6r SSAB.&#8221;<\/p>\n","protected":false},"excerpt":{"rendered":"St\u00e5lbolaget SSAB f\u00e5r s\u00e4ljr\u00e5d av Aff\u00e4rsv\u00e4rlden i en ny analys.&#8221;Det som \u00e4r centralt f\u00f6r SSAB:s aktie \u00e4r vad&hellip;\n","protected":false},"author":2,"featured_media":360853,"comment_status":"","ping_status":"","sticky":false,"template":"","format":"standard","meta":{"footnotes":"","_share_on_mastodon":"0"},"categories":[65],"tags":[72,70,71,34,31,33,32,30],"class_list":["post-360852","post","type-post","status-publish","format-standard","has-post-thumbnail","category-ekonomi","tag-business","tag-economy","tag-ekonomi","tag-se","tag-svenska","tag-sverige","tag-sweden","tag-swedish"],"share_on_mastodon":{"url":"https:\/\/pubeurope.com\/@se\/117196448242778047","error":""},"_links":{"self":[{"href":"https:\/\/www.europesays.com\/se\/wp-json\/wp\/v2\/posts\/360852","targetHints":{"allow":["GET"]}}],"collection":[{"href":"https:\/\/www.europesays.com\/se\/wp-json\/wp\/v2\/posts"}],"about":[{"href":"https:\/\/www.europesays.com\/se\/wp-json\/wp\/v2\/types\/post"}],"author":[{"embeddable":true,"href":"https:\/\/www.europesays.com\/se\/wp-json\/wp\/v2\/users\/2"}],"replies":[{"embeddable":true,"href":"https:\/\/www.europesays.com\/se\/wp-json\/wp\/v2\/comments?post=360852"}],"version-history":[{"count":0,"href":"https:\/\/www.europesays.com\/se\/wp-json\/wp\/v2\/posts\/360852\/revisions"}],"wp:featuredmedia":[{"embeddable":true,"href":"https:\/\/www.europesays.com\/se\/wp-json\/wp\/v2\/media\/360853"}],"wp:attachment":[{"href":"https:\/\/www.europesays.com\/se\/wp-json\/wp\/v2\/media?parent=360852"}],"wp:term":[{"taxonomy":"category","embeddable":true,"href":"https:\/\/www.europesays.com\/se\/wp-json\/wp\/v2\/categories?post=360852"},{"taxonomy":"post_tag","embeddable":true,"href":"https:\/\/www.europesays.com\/se\/wp-json\/wp\/v2\/tags?post=360852"}],"curies":[{"name":"wp","href":"https:\/\/api.w.org\/{rel}","templated":true}]}}