{"id":360864,"date":"2026-09-01T15:26:12","date_gmt":"2026-09-01T15:26:12","guid":{"rendered":"https:\/\/www.europesays.com\/se\/360864\/"},"modified":"2026-09-01T15:26:12","modified_gmt":"2026-09-01T15:26:12","slug":"hall-ut-efter-regnet-kan-det-bli-tidig-brittsommar","status":"publish","type":"post","link":"https:\/\/www.europesays.com\/se\/360864\/","title":{"rendered":"H\u00e5ll ut \u2013 efter regnet kan det bli tidig brittsommar"},"content":{"rendered":"<p>Inledningen p\u00e5 september blir riktigt bl\u00f6t men l\u00e5ngtidsprognosen \u00e4r mer munter, skriver Aftonbladet. <\/p>\n<p>Under den andra halvan av m\u00e5naden ser det ut att bli betydligt trevligare v\u00e4der f\u00f6r den som f\u00f6redrar sol och v\u00e4rme, enligt Lasse Rydqvist, meteorolog p\u00e5 v\u00e4dersajten Klart.<\/p>\n<p>\u2013 D\u00e5 \u00e4r det inte om\u00f6jligt med ny sensommarv\u00e4rme, eller kanske till och med tidig brittsommarv\u00e4rme. <\/p>\n<p>Mellersta och norra Norrland samt s\u00f6dra G\u00f6taland ser ut att f\u00e5 mest regn under den kommande tiden, och p\u00e5 vissa h\u00e5ll i norr har det redan hunnit bli meteorologisk h\u00f6st. <\/p>\n<p>Omni \u00e4r politiskt obundna och oberoende. Vi str\u00e4var efter att ge fler perspektiv p\u00e5 nyheterna. Har du fr\u00e5gor eller synpunkter kring v\u00e5r rapportering? <a href=\"https:\/\/omni.se\/hall-ut-efter-regnet-kan-det-bli-tidig-brittsommar\/a\/mailto:redaktion@omni.se\" class=\"ArticleActions-module-scss-module__w9u9BG__contactLink\" rel=\"nofollow noopener\" target=\"_blank\">Kontakta redaktionen<\/a><\/p>\n","protected":false},"excerpt":{"rendered":"Inledningen p\u00e5 september blir riktigt bl\u00f6t men l\u00e5ngtidsprognosen \u00e4r mer munter, skriver Aftonbladet. Under den andra halvan av&hellip;\n","protected":false},"author":2,"featured_media":360865,"comment_status":"","ping_status":"","sticky":false,"template":"","format":"standard","meta":{"footnotes":"","_share_on_mastodon":"0"},"categories":[65],"tags":[72,70,71,17588,34,31,33,32,30,693],"class_list":["post-360864","post","type-post","status-publish","format-standard","has-post-thumbnail","category-ekonomi","tag-business","tag-economy","tag-ekonomi","tag-mix","tag-se","tag-svenska","tag-sverige","tag-sweden","tag-swedish","tag-vader"],"share_on_mastodon":{"url":"https:\/\/pubeurope.com\/@se\/117196487815220766","error":""},"_links":{"self":[{"href":"https:\/\/www.europesays.com\/se\/wp-json\/wp\/v2\/posts\/360864","targetHints":{"allow":["GET"]}}],"collection":[{"href":"https:\/\/www.europesays.com\/se\/wp-json\/wp\/v2\/posts"}],"about":[{"href":"https:\/\/www.europesays.com\/se\/wp-json\/wp\/v2\/types\/post"}],"author":[{"embeddable":true,"href":"https:\/\/www.europesays.com\/se\/wp-json\/wp\/v2\/users\/2"}],"replies":[{"embeddable":true,"href":"https:\/\/www.europesays.com\/se\/wp-json\/wp\/v2\/comments?post=360864"}],"version-history":[{"count":0,"href":"https:\/\/www.europesays.com\/se\/wp-json\/wp\/v2\/posts\/360864\/revisions"}],"wp:featuredmedia":[{"embeddable":true,"href":"https:\/\/www.europesays.com\/se\/wp-json\/wp\/v2\/media\/360865"}],"wp:attachment":[{"href":"https:\/\/www.europesays.com\/se\/wp-json\/wp\/v2\/media?parent=360864"}],"wp:term":[{"taxonomy":"category","embeddable":true,"href":"https:\/\/www.europesays.com\/se\/wp-json\/wp\/v2\/categories?post=360864"},{"taxonomy":"post_tag","embeddable":true,"href":"https:\/\/www.europesays.com\/se\/wp-json\/wp\/v2\/tags?post=360864"}],"curies":[{"name":"wp","href":"https:\/\/api.w.org\/{rel}","templated":true}]}}