{"id":360886,"date":"2026-09-01T15:42:30","date_gmt":"2026-09-01T15:42:30","guid":{"rendered":"https:\/\/www.europesays.com\/se\/360886\/"},"modified":"2026-09-01T15:42:30","modified_gmt":"2026-09-01T15:42:30","slug":"varsta-marknaden-pa-30-ar-holmen-varslar-sagverksarbetare","status":"publish","type":"post","link":"https:\/\/www.europesays.com\/se\/360886\/","title":{"rendered":"V\u00e4rsta marknaden p\u00e5 30 \u00e5r \u2013 Holmen varslar s\u00e5gverksarbetare"},"content":{"rendered":"<p>Tr\u00e4varumarknaden och konjunkturen beskrivs av Holmen som den v\u00e4rsta p\u00e5 30 \u00e5r.<br \/>D\u00e4rf\u00f6r minskar nu bolaget produktion vid s\u00e5gverket i Linghem kraftigt och varslar cirka h\u00e4lften av medarbetarna.<\/p>\n<p>Det tuffa marknaden f\u00f6r s\u00e5gverksbolagen forts\u00e4tter. \u00c4ven om den allm\u00e4nna konjunkturen beskrivs vara p\u00e5 v\u00e4g upp\u00e5t tar det tid innan den utvecklingen avspeglar sig i siffrorna hos skogsbolagen. <\/p>\n<p>Flera skogsbolag har tidigare beslutat om nedst\u00e4ngningar av s\u00e5gverket tillsammans med produktionsminskningar f\u00f6r att balansera utbud och efterfr\u00e5gan p\u00e5 s\u00e5gade tr\u00e4varor. <\/p>\n<p>Nu vidtar <a class=\"null text-blue-link underline\" href=\"https:\/\/efn.se\/bors\/instrument\/17921\/holm_b\/oversikt\" rel=\"nofollow noopener\" target=\"_blank\">Holmen<\/a> \u00e5tg\u00e4rder vid sitt klentimmers\u00e5gverk i Linghem, strax utanf\u00f6r Link\u00f6ping. Enligt ett pressmeddelande minskas produktion kraftigt fr\u00e5n cirka 72 000 kubikmeter s\u00e5gad vara till 26 000. <\/p>\n<p>\u201dF\u00f6r att s\u00e4kra l\u00e5ngsiktig l\u00f6nsamhet beh\u00f6ver vi balansera v\u00e5r produktion utifr\u00e5n marknadsf\u00f6ruts\u00e4ttningarna som r\u00e5der\u201d, s\u00e4ger Karolina Svensson, aff\u00e4rsomr\u00e5deschef f\u00f6r Tr\u00e4varor, om neddragningarna i ett pressmeddelande.\u00a0\u00a0<\/p>\n<p>Minskningen inneb\u00e4r ocks\u00e5 att 18 personer av s\u00e5gverkets cirka 30 anst\u00e4llda varslas. Enligt bolaget \u00e4r marknaden f\u00f6r s\u00e5gade tr\u00e4varor just nu den v\u00e4rsta som upplevts p\u00e5 30 \u00e5r. Men Karolina Svensson menar att Holmen \u00e4r v\u00e4lpositionerat n\u00e4r efterfr\u00e5gan v\u00e4l tar fart. <\/p>\n<p>&#8221;Holmen tror p\u00e5 tr\u00e4varor och med v\u00e5ra v\u00e4linvesterade s\u00e5gverk, med h\u00f6g f\u00f6r\u00e4dlingskapacitet, \u00e4r vi bra positionerade n\u00e4r marknaden v\u00e4l v\u00e4nder&#8221;, s\u00e4ger Karolina Svensson. <\/p>\n","protected":false},"excerpt":{"rendered":"Tr\u00e4varumarknaden och konjunkturen beskrivs av Holmen som den v\u00e4rsta p\u00e5 30 \u00e5r.D\u00e4rf\u00f6r minskar nu bolaget produktion vid s\u00e5gverket&hellip;\n","protected":false},"author":2,"featured_media":360887,"comment_status":"","ping_status":"","sticky":false,"template":"","format":"standard","meta":{"footnotes":"","_share_on_mastodon":"0"},"categories":[65],"tags":[72,70,71,34,31,33,32,30],"class_list":["post-360886","post","type-post","status-publish","format-standard","has-post-thumbnail","category-ekonomi","tag-business","tag-economy","tag-ekonomi","tag-se","tag-svenska","tag-sverige","tag-sweden","tag-swedish"],"share_on_mastodon":{"url":"https:\/\/pubeurope.com\/@se\/117196550503893682","error":""},"_links":{"self":[{"href":"https:\/\/www.europesays.com\/se\/wp-json\/wp\/v2\/posts\/360886","targetHints":{"allow":["GET"]}}],"collection":[{"href":"https:\/\/www.europesays.com\/se\/wp-json\/wp\/v2\/posts"}],"about":[{"href":"https:\/\/www.europesays.com\/se\/wp-json\/wp\/v2\/types\/post"}],"author":[{"embeddable":true,"href":"https:\/\/www.europesays.com\/se\/wp-json\/wp\/v2\/users\/2"}],"replies":[{"embeddable":true,"href":"https:\/\/www.europesays.com\/se\/wp-json\/wp\/v2\/comments?post=360886"}],"version-history":[{"count":0,"href":"https:\/\/www.europesays.com\/se\/wp-json\/wp\/v2\/posts\/360886\/revisions"}],"wp:featuredmedia":[{"embeddable":true,"href":"https:\/\/www.europesays.com\/se\/wp-json\/wp\/v2\/media\/360887"}],"wp:attachment":[{"href":"https:\/\/www.europesays.com\/se\/wp-json\/wp\/v2\/media?parent=360886"}],"wp:term":[{"taxonomy":"category","embeddable":true,"href":"https:\/\/www.europesays.com\/se\/wp-json\/wp\/v2\/categories?post=360886"},{"taxonomy":"post_tag","embeddable":true,"href":"https:\/\/www.europesays.com\/se\/wp-json\/wp\/v2\/tags?post=360886"}],"curies":[{"name":"wp","href":"https:\/\/api.w.org\/{rel}","templated":true}]}}