{"id":360900,"date":"2026-09-01T15:50:11","date_gmt":"2026-09-01T15:50:11","guid":{"rendered":"https:\/\/www.europesays.com\/se\/360900\/"},"modified":"2026-09-01T15:50:11","modified_gmt":"2026-09-01T15:50:11","slug":"hexatronics-finanschef-tar-over-fiber-solutions-2","status":"publish","type":"post","link":"https:\/\/www.europesays.com\/se\/360900\/","title":{"rendered":"Hexatronics finanschef tar \u00f6ver Fiber Solutions"},"content":{"rendered":"<p>Fiberkommunikationsbolaget Hexatronic utser finanschefen Pernilla Lind\u00e9n till den nyinr\u00e4ttade rollen som President Fiber Solutions med tilltr\u00e4de den 1 november. Det framg\u00e5r av ett pressmeddelande fr\u00e5n bolaget.<\/p>\n<p>            den 1 september 2026 15:36<\/p>\n<p>Lind\u00e9n, som varit finanschef sedan 2021, kvarst\u00e5r i rollen tills en eftertr\u00e4dare har utsetts. En extern rekryteringsprocess ska inledas inom kort.<\/p>\n<p>Den nya rollen \u00e4r en del av Hexatronics utveckling mot tre tydligt definierade aff\u00e4rsomr\u00e5den, d\u00e4r varje leds av en President.<\/p>\n<p>Jakob Skov forts\u00e4tter som President Harsh Environment medan Oscar W\u00e4rme \u00e4r tillf\u00f6rordnad President Data Center i v\u00e4ntan p\u00e5 en permanent chef. Magnus Angermund kvarst\u00e5r som Head of Fiber Solutions Europe men l\u00e4mnar koncernledningen den 1 november.<\/p>\n<p>\n                        Ja tack! Jag vill prova Metal Supply gratis i en m\u00e5nad och f\u00e5 tillg\u00e5ng till nyhetsbrev och alla artiklar p\u00e5 sajten. Ingen bidningstid.\n                    <\/p>\n<p>\n                    F\u00e5 tillg\u00e5ng till allt inneh\u00e5ll p\u00e5 Metal Supply\n                <\/p>\n<p>\n                    Ingen bindningstid eller kortinformation kr\u00e4vs\n                <\/p>\n<p>\n                        G\u00e4ller endast personlig prenumeration.\n                    <\/p>\n<p>                                            <a v-for=\"(project, index) in projects\" v-show=\"index &lt; max || showAll\" v-bind:href=\"'https:\/\/www.projektagenten.se\/project\/' + project.id\" target=\"_blank\" class=\"article-project\"><\/p>\n<p>                                                {{ project.name }}<br \/>\n                                                L\u00e4s om projektet<br \/>\n                                            <\/a><\/p>\n<p>                                                Alla relaterade projekt<\/p>\n","protected":false},"excerpt":{"rendered":"Fiberkommunikationsbolaget Hexatronic utser finanschefen Pernilla Lind\u00e9n till den nyinr\u00e4ttade rollen som President Fiber Solutions med tilltr\u00e4de den 1&hellip;\n","protected":false},"author":2,"featured_media":360901,"comment_status":"","ping_status":"","sticky":false,"template":"","format":"standard","meta":{"footnotes":"","_share_on_mastodon":"0"},"categories":[65],"tags":[72,70,71,34,31,33,32,30],"class_list":["post-360900","post","type-post","status-publish","format-standard","has-post-thumbnail","category-ekonomi","tag-business","tag-economy","tag-ekonomi","tag-se","tag-svenska","tag-sverige","tag-sweden","tag-swedish"],"share_on_mastodon":{"url":"https:\/\/pubeurope.com\/@se\/117196582178011329","error":""},"_links":{"self":[{"href":"https:\/\/www.europesays.com\/se\/wp-json\/wp\/v2\/posts\/360900","targetHints":{"allow":["GET"]}}],"collection":[{"href":"https:\/\/www.europesays.com\/se\/wp-json\/wp\/v2\/posts"}],"about":[{"href":"https:\/\/www.europesays.com\/se\/wp-json\/wp\/v2\/types\/post"}],"author":[{"embeddable":true,"href":"https:\/\/www.europesays.com\/se\/wp-json\/wp\/v2\/users\/2"}],"replies":[{"embeddable":true,"href":"https:\/\/www.europesays.com\/se\/wp-json\/wp\/v2\/comments?post=360900"}],"version-history":[{"count":0,"href":"https:\/\/www.europesays.com\/se\/wp-json\/wp\/v2\/posts\/360900\/revisions"}],"wp:featuredmedia":[{"embeddable":true,"href":"https:\/\/www.europesays.com\/se\/wp-json\/wp\/v2\/media\/360901"}],"wp:attachment":[{"href":"https:\/\/www.europesays.com\/se\/wp-json\/wp\/v2\/media?parent=360900"}],"wp:term":[{"taxonomy":"category","embeddable":true,"href":"https:\/\/www.europesays.com\/se\/wp-json\/wp\/v2\/categories?post=360900"},{"taxonomy":"post_tag","embeddable":true,"href":"https:\/\/www.europesays.com\/se\/wp-json\/wp\/v2\/tags?post=360900"}],"curies":[{"name":"wp","href":"https:\/\/api.w.org\/{rel}","templated":true}]}}