{"id":360914,"date":"2026-09-01T15:58:11","date_gmt":"2026-09-01T15:58:11","guid":{"rendered":"https:\/\/www.europesays.com\/se\/360914\/"},"modified":"2026-09-01T15:58:11","modified_gmt":"2026-09-01T15:58:11","slug":"ecb-topp-kritiserar-usa-for-ovantade-eurodraget","status":"publish","type":"post","link":"https:\/\/www.europesays.com\/se\/360914\/","title":{"rendered":"ECB-topp kritiserar USA f\u00f6r ov\u00e4ntade eurodraget"},"content":{"rendered":"<p>USA s\u00e5lde euro i st\u00e4llet f\u00f6r dollar f\u00f6r att st\u00f6tta den japanska yenen i somras \u2013 ett avsteg fr\u00e5n l\u00e5ngvarig praxis som ECB-ledamoten Joachim Nagel nu kritiserar, skriver Bloomberg.<\/p>\n<p>\u2013 Det hade naturligtvis varit \u00f6nskv\u00e4rt [&#8230;] att samordna och samr\u00e5da i f\u00f6rv\u00e4g om s\u00e5dana interventioner, s\u00e4ger han vid G20-m\u00f6tet i North Carolina.<\/p>\n<p>Enligt Nagel har fr\u00e5gan diskuterats p\u00e5 m\u00f6tet och deltagarna f\u00f6rstod eurol\u00e4ndernas missn\u00f6je. N\u00e4sta g\u00e5ng f\u00f6rv\u00e4ntar han sig samordning i f\u00f6rv\u00e4g.<\/p>\n<p>Senast USA och Japan intervenerade i yenen var 2011, d\u00e5 G7-l\u00e4nderna gemensamt f\u00f6rsvagade den japanska valutan.<\/p>\n<p>Omni \u00e4r politiskt obundna och oberoende. Vi str\u00e4var efter att ge fler perspektiv p\u00e5 nyheterna. Har du fr\u00e5gor eller synpunkter kring v\u00e5r rapportering? <a href=\"https:\/\/omni.se\/ecb-topp-kritiserar-usa-for-ovantade-eurodraget\/a\/mailto:redaktion@omni.se\" class=\"ArticleActions-module-scss-module__w9u9BG__contactLink\" rel=\"nofollow noopener\" target=\"_blank\">Kontakta redaktionen<\/a><\/p>\n","protected":false},"excerpt":{"rendered":"USA s\u00e5lde euro i st\u00e4llet f\u00f6r dollar f\u00f6r att st\u00f6tta den japanska yenen i somras \u2013 ett avsteg&hellip;\n","protected":false},"author":2,"featured_media":360915,"comment_status":"","ping_status":"","sticky":false,"template":"","format":"standard","meta":{"footnotes":"","_share_on_mastodon":"0"},"categories":[65],"tags":[420,72,70,71,2865,324,268,34,31,33,32,30,74,3494],"class_list":["post-360914","post","type-post","status-publish","format-standard","has-post-thumbnail","category-ekonomi","tag-asien","tag-business","tag-economy","tag-ekonomi","tag-japan","tag-makroekonomi","tag-nordamerika","tag-se","tag-svenska","tag-sverige","tag-sweden","tag-swedish","tag-usa","tag-valuta"],"share_on_mastodon":{"url":"https:\/\/pubeurope.com\/@se\/117196613652558247","error":""},"_links":{"self":[{"href":"https:\/\/www.europesays.com\/se\/wp-json\/wp\/v2\/posts\/360914","targetHints":{"allow":["GET"]}}],"collection":[{"href":"https:\/\/www.europesays.com\/se\/wp-json\/wp\/v2\/posts"}],"about":[{"href":"https:\/\/www.europesays.com\/se\/wp-json\/wp\/v2\/types\/post"}],"author":[{"embeddable":true,"href":"https:\/\/www.europesays.com\/se\/wp-json\/wp\/v2\/users\/2"}],"replies":[{"embeddable":true,"href":"https:\/\/www.europesays.com\/se\/wp-json\/wp\/v2\/comments?post=360914"}],"version-history":[{"count":0,"href":"https:\/\/www.europesays.com\/se\/wp-json\/wp\/v2\/posts\/360914\/revisions"}],"wp:featuredmedia":[{"embeddable":true,"href":"https:\/\/www.europesays.com\/se\/wp-json\/wp\/v2\/media\/360915"}],"wp:attachment":[{"href":"https:\/\/www.europesays.com\/se\/wp-json\/wp\/v2\/media?parent=360914"}],"wp:term":[{"taxonomy":"category","embeddable":true,"href":"https:\/\/www.europesays.com\/se\/wp-json\/wp\/v2\/categories?post=360914"},{"taxonomy":"post_tag","embeddable":true,"href":"https:\/\/www.europesays.com\/se\/wp-json\/wp\/v2\/tags?post=360914"}],"curies":[{"name":"wp","href":"https:\/\/api.w.org\/{rel}","templated":true}]}}