{"id":360926,"date":"2026-09-01T16:10:16","date_gmt":"2026-09-01T16:10:16","guid":{"rendered":"https:\/\/www.europesays.com\/se\/360926\/"},"modified":"2026-09-01T16:10:16","modified_gmt":"2026-09-01T16:10:16","slug":"villa-i-knivsta-har-nya-agare-for-3-950-000-kronor","status":"publish","type":"post","link":"https:\/\/www.europesays.com\/se\/360926\/","title":{"rendered":"Villa i Knivsta har nya \u00e4gare \u2013 f\u00f6r 3\u00a0950\u00a0000 kronor"},"content":{"rendered":"<p> K\u00f6pesumman blev 3\u00a0950\u00a0000 kronor och de nya \u00e4garna tog \u00f6ver huset i augusti 2026. Huset byggdes 1963 och har en boyta p\u00e5 100 kvadratmeter.<\/p>\n<p>Precis i n\u00e4rheten s\u00e5ldes f\u00f6r mindre \u00e4n en m\u00e5nad sedan ett annat hus, p\u00e5 V\u00e5rs\u00e5ngsv\u00e4gen 2D. D\u00e4r s\u00e5ldes ett 103 kvadratmeter stort hus och priset f\u00f6r det blev 5\u00a0000\u00a0000 kronor.<\/p>\n<p>Det h\u00e4r \u00e4r fj\u00e4rde g\u00e5ngen fastigheten s\u00e5lts p\u00e5 15 \u00e5r. F\u00f6rsta g\u00e5ngen huset s\u00e5ldes var april 2022. Den g\u00e5ngen landade prislappen p\u00e5 3\u00a0900\u00a0000 kronor.<\/p>\n","protected":false},"excerpt":{"rendered":"K\u00f6pesumman blev 3\u00a0950\u00a0000 kronor och de nya \u00e4garna tog \u00f6ver huset i augusti 2026. Huset byggdes 1963 och&hellip;\n","protected":false},"author":2,"featured_media":360927,"comment_status":"","ping_status":"","sticky":false,"template":"","format":"standard","meta":{"footnotes":"","_share_on_mastodon":"0"},"categories":[65],"tags":[72,70,71,34,31,33,32,30],"class_list":["post-360926","post","type-post","status-publish","format-standard","has-post-thumbnail","category-ekonomi","tag-business","tag-economy","tag-ekonomi","tag-se","tag-svenska","tag-sverige","tag-sweden","tag-swedish"],"share_on_mastodon":{"url":"https:\/\/pubeurope.com\/@se\/117196660755756113","error":""},"_links":{"self":[{"href":"https:\/\/www.europesays.com\/se\/wp-json\/wp\/v2\/posts\/360926","targetHints":{"allow":["GET"]}}],"collection":[{"href":"https:\/\/www.europesays.com\/se\/wp-json\/wp\/v2\/posts"}],"about":[{"href":"https:\/\/www.europesays.com\/se\/wp-json\/wp\/v2\/types\/post"}],"author":[{"embeddable":true,"href":"https:\/\/www.europesays.com\/se\/wp-json\/wp\/v2\/users\/2"}],"replies":[{"embeddable":true,"href":"https:\/\/www.europesays.com\/se\/wp-json\/wp\/v2\/comments?post=360926"}],"version-history":[{"count":0,"href":"https:\/\/www.europesays.com\/se\/wp-json\/wp\/v2\/posts\/360926\/revisions"}],"wp:featuredmedia":[{"embeddable":true,"href":"https:\/\/www.europesays.com\/se\/wp-json\/wp\/v2\/media\/360927"}],"wp:attachment":[{"href":"https:\/\/www.europesays.com\/se\/wp-json\/wp\/v2\/media?parent=360926"}],"wp:term":[{"taxonomy":"category","embeddable":true,"href":"https:\/\/www.europesays.com\/se\/wp-json\/wp\/v2\/categories?post=360926"},{"taxonomy":"post_tag","embeddable":true,"href":"https:\/\/www.europesays.com\/se\/wp-json\/wp\/v2\/tags?post=360926"}],"curies":[{"name":"wp","href":"https:\/\/api.w.org\/{rel}","templated":true}]}}