{"id":360938,"date":"2026-09-01T16:18:16","date_gmt":"2026-09-01T16:18:16","guid":{"rendered":"https:\/\/www.europesays.com\/se\/360938\/"},"modified":"2026-09-01T16:18:16","modified_gmt":"2026-09-01T16:18:16","slug":"behandling-mot-alzheimer-nu-i-sverige","status":"publish","type":"post","link":"https:\/\/www.europesays.com\/se\/360938\/","title":{"rendered":"Behandling mot Alzheimer nu i Sverige"},"content":{"rendered":"<p>\nNu finns behandling mot Alzheimers sjukdom i Sverige &#8211; men det \u00e4r dyrt.<br \/>\nFoto: Colourbox\t\t\t\t\t\t\t\t\t\t\t<\/p>\n<p class=\"ingress\">\nL\u00e4kemedlet Leqembi som kan bromsa Alzheimers sjukdom stoppades i v\u00e5ras f\u00f6r anv\u00e4ndning i Sverige. Sk\u00e4let var att kostnaden var f\u00f6r h\u00f6g. Men nu finns m\u00f6jlighet att f\u00e5 behandlingen i Sverige \u2013 f\u00f6r den som har r\u00e5d. &#8221;Nu blir det pl\u00e5nboken som styr och det \u00e4r inget som vi i SPF Seniorerna st\u00e5r bakom&#8221; s\u00e4ger Thony Bj\u00f6rk, SPF Seniorernas sakkunnige i l\u00e4kemedelsfr\u00e5gor.<\/p>\n<p>\nUlrika Palmcrantz<\/p>\n<p>\nPublicerad 2026-09-01<\/p>\n<p>N\u00e4r Leqembi v\u00e5ren 2025 fick gr\u00f6nt ljus av EU att anv\u00e4ndas t\u00e4ndes hoppet hos m\u00e5nga Alzheimer-drabbade och deras anh\u00f6riga. \u00c4ntligen ett l\u00e4kemedel som faktiskt kunde bromsa bildandet av plack i hj\u00e4rnan.<br \/>Men i april i \u00e5r publicerade NT-r\u00e5det, regionernas expertorgan f\u00f6r nya l\u00e4kemedel, sin rekommendation att regionerna inte b\u00f6r anv\u00e4nda Leqembi. Nyttan bed\u00f6mdes inte vara tillr\u00e4ckligt stor i f\u00f6rh\u00e5llande till kostnaden.<\/p>\n<p>  Svensk klink ger behandling<\/p>\n<p>Enligt det svenska bolaget Bioarctic som tillsammans med japanska Esiai utvecklade Leqembi, finns forskningsstudier fr\u00e5n USA som visar att medicinen kan bromsa in sjukdomsf\u00f6rloppet f\u00f6r vissa patientgrupper med upp till ett \u00e5r eller mer. Betydligt l\u00e4ngre \u00e4n de fem \u2013 sex m\u00e5nader man f\u00f6rst talade om.<br \/>M\u00e5nga drabbade svenskar med en tidig diagnos av sjukdomen k\u00e4nde sig naturligtvis besvikna. De som kunde och hade r\u00e5d s\u00f6kte sig utomlands f\u00f6r att f\u00e5 behandling, m\u00e5nga till en klinik i Helsingfors.<br \/>Men nu har den svenska privata kliniken Executive Health f\u00f6rberett att ge behandlingen h\u00e4r, till ett n\u00e5got l\u00e4gre pris \u00e4n det i Finland. Men fortfarande handlar det om v\u00e4ldigt mycket pengar. En hel behandling kommer att landa p\u00e5 cirka 700\u00a0000 kr. F\u00f6retaget har en klinik i Stockholm och en i Lund. Den f\u00f6rsta patienten \u00e4r inbokad i b\u00f6rjan av oktober.<\/p>\n<p>\u201dPl\u00e5nboken styr\u201d<\/p>\n<p>Thony Bj\u00f6rk, SPF Seniorernas sakkunnige i l\u00e4kemedelsfr\u00e5gor, \u00e4r inte f\u00f6rv\u00e5nad \u00f6ver det h\u00e4r.<br \/>\u2013 Det var inte ov\u00e4ntat att n\u00e5gon privat akt\u00f6r skulle g\u00f6ra s\u00e5 h\u00e4r, eftersom medicinen fick avslag av NT-r\u00e5det. Men det \u00e4r ganska komplicerat och kr\u00e4vs m\u00e5nga unders\u00f6kningar f\u00f6r att hitta r\u00e4tt patientgrupp. Dels ska man s\u00e4kerst\u00e4lla att det finns amyloid i hj\u00e4rnan, men man m\u00e5ste ocks\u00e5 g\u00f6ra en genetisk testning eftersom det bara \u00e4r vissa som har nytta av behandlingen. F\u00e5r man symptom som huvudv\u00e4rk efter att man p\u00e5b\u00f6rjat behandlingen m\u00e5ste man ocks\u00e5 f\u00f6lja upp med datortomografi f\u00f6r att se att man inte drabbats av hj\u00e4rn\u00f6dem, s\u00e4ger han och forts\u00e4tter:<br \/>\u2013 Visst \u00e4r det bra att l\u00e4kemedlet kommer till anv\u00e4ndning, det finns ett stort behov. Men det \u00e4r kontroversiellt att det kostar s\u00e5 mycket pengar. I grunden har vi ett sjukv\u00e5rdssystem d\u00e4r alla ska kunna f\u00e5 samma behandling p\u00e5 lika villkor. Nu blir det pl\u00e5nboken som styr och det \u00e4r inget som vi i SPF Seniorerna st\u00e5r bakom.<\/p>\n<p>Han kan samtidigt f\u00f6rst\u00e5 att den som \u00e4r drabbad och har f\u00e5tt en tidig diagnos griper efter varje halmstr\u00e5.<br \/>\u2013 I grunden \u00e4r det bra att vi kommer i g\u00e5ng med en f\u00f6rsiktig anv\u00e4ndning av Leqembi. Men jag hade hellre sett att den f\u00f6rsiktiga anv\u00e4ndningen skedde inom regionernas ramar. \u00a0<\/p>\n<p>\nUlrika Palmcrantz<\/p>\n<p>\nPublicerad 2026-09-01<\/p>\n","protected":false},"excerpt":{"rendered":"Nu finns behandling mot Alzheimers sjukdom i Sverige &#8211; men det \u00e4r dyrt. Foto: Colourbox L\u00e4kemedlet Leqembi som&hellip;\n","protected":false},"author":2,"featured_media":360939,"comment_status":"","ping_status":"","sticky":false,"template":"","format":"standard","meta":{"footnotes":"","_share_on_mastodon":"0"},"categories":[65],"tags":[72,70,71,34,31,33,32,30],"class_list":["post-360938","post","type-post","status-publish","format-standard","has-post-thumbnail","category-ekonomi","tag-business","tag-economy","tag-ekonomi","tag-se","tag-svenska","tag-sverige","tag-sweden","tag-swedish"],"share_on_mastodon":{"url":"https:\/\/pubeurope.com\/@se\/117196692053418822","error":""},"_links":{"self":[{"href":"https:\/\/www.europesays.com\/se\/wp-json\/wp\/v2\/posts\/360938","targetHints":{"allow":["GET"]}}],"collection":[{"href":"https:\/\/www.europesays.com\/se\/wp-json\/wp\/v2\/posts"}],"about":[{"href":"https:\/\/www.europesays.com\/se\/wp-json\/wp\/v2\/types\/post"}],"author":[{"embeddable":true,"href":"https:\/\/www.europesays.com\/se\/wp-json\/wp\/v2\/users\/2"}],"replies":[{"embeddable":true,"href":"https:\/\/www.europesays.com\/se\/wp-json\/wp\/v2\/comments?post=360938"}],"version-history":[{"count":0,"href":"https:\/\/www.europesays.com\/se\/wp-json\/wp\/v2\/posts\/360938\/revisions"}],"wp:featuredmedia":[{"embeddable":true,"href":"https:\/\/www.europesays.com\/se\/wp-json\/wp\/v2\/media\/360939"}],"wp:attachment":[{"href":"https:\/\/www.europesays.com\/se\/wp-json\/wp\/v2\/media?parent=360938"}],"wp:term":[{"taxonomy":"category","embeddable":true,"href":"https:\/\/www.europesays.com\/se\/wp-json\/wp\/v2\/categories?post=360938"},{"taxonomy":"post_tag","embeddable":true,"href":"https:\/\/www.europesays.com\/se\/wp-json\/wp\/v2\/tags?post=360938"}],"curies":[{"name":"wp","href":"https:\/\/api.w.org\/{rel}","templated":true}]}}