{"id":360952,"date":"2026-09-01T16:26:26","date_gmt":"2026-09-01T16:26:26","guid":{"rendered":"https:\/\/www.europesays.com\/se\/360952\/"},"modified":"2026-09-01T16:26:26","modified_gmt":"2026-09-01T16:26:26","slug":"ica-drogtestar-alla-jobbsokande-far-kritik-seenthis","status":"publish","type":"post","link":"https:\/\/www.europesays.com\/se\/360952\/","title":{"rendered":"Ica drogtestar alla jobbs\u00f6kande \u2013 f\u00e5r kritik | seenthis"},"content":{"rendered":"<p>Uppdaterad 1 sep 2026 kl 14.30Publicerad 1 sep 2026 kl 14.30<\/p>\n<p>Ica drogtestar alla som s\u00f6ker jobb inom koncernen, rapporterar Ekot.  <\/p>\n<p>Ica s\u00e4ger att testerna ska s\u00e4kra en nykter och drogfri arbetsplats, n\u00e5got f\u00e5r kritik av fackf\u00f6rbunden.<\/p>\n<p>Handels anser att drogtest f\u00f6re anst\u00e4llning \u00e4r integritetskr\u00e4nkande och Unionen kallar fr\u00e5gan k\u00e4nslig. <\/p>\n<p>\u2013 Det \u00e4r integritetsk\u00e4nsligt. Sedan g\u00f6rs drogtester p\u00e5 olika s\u00e4tt men det \u00e4r ett kroppsligt ingrepp och ser man p\u00e5 den offentliga sektorn \u00e4r det inte till\u00e5tet, s\u00e4ger unionens f\u00f6rbundsjurist Cecilia Arklid.<\/p>\n","protected":false},"excerpt":{"rendered":"Uppdaterad 1 sep 2026 kl 14.30Publicerad 1 sep 2026 kl 14.30 Ica drogtestar alla som s\u00f6ker jobb inom&hellip;\n","protected":false},"author":2,"featured_media":360953,"comment_status":"","ping_status":"","sticky":false,"template":"","format":"standard","meta":{"footnotes":"","_share_on_mastodon":"0"},"categories":[65],"tags":[72,70,71,34,35035,31,33,32,30],"class_list":["post-360952","post","type-post","status-publish","format-standard","has-post-thumbnail","category-ekonomi","tag-business","tag-economy","tag-ekonomi","tag-se","tag-seenthis","tag-svenska","tag-sverige","tag-sweden","tag-swedish"],"share_on_mastodon":{"url":"https:\/\/pubeurope.com\/@se\/117196723631506546","error":""},"_links":{"self":[{"href":"https:\/\/www.europesays.com\/se\/wp-json\/wp\/v2\/posts\/360952","targetHints":{"allow":["GET"]}}],"collection":[{"href":"https:\/\/www.europesays.com\/se\/wp-json\/wp\/v2\/posts"}],"about":[{"href":"https:\/\/www.europesays.com\/se\/wp-json\/wp\/v2\/types\/post"}],"author":[{"embeddable":true,"href":"https:\/\/www.europesays.com\/se\/wp-json\/wp\/v2\/users\/2"}],"replies":[{"embeddable":true,"href":"https:\/\/www.europesays.com\/se\/wp-json\/wp\/v2\/comments?post=360952"}],"version-history":[{"count":0,"href":"https:\/\/www.europesays.com\/se\/wp-json\/wp\/v2\/posts\/360952\/revisions"}],"wp:featuredmedia":[{"embeddable":true,"href":"https:\/\/www.europesays.com\/se\/wp-json\/wp\/v2\/media\/360953"}],"wp:attachment":[{"href":"https:\/\/www.europesays.com\/se\/wp-json\/wp\/v2\/media?parent=360952"}],"wp:term":[{"taxonomy":"category","embeddable":true,"href":"https:\/\/www.europesays.com\/se\/wp-json\/wp\/v2\/categories?post=360952"},{"taxonomy":"post_tag","embeddable":true,"href":"https:\/\/www.europesays.com\/se\/wp-json\/wp\/v2\/tags?post=360952"}],"curies":[{"name":"wp","href":"https:\/\/api.w.org\/{rel}","templated":true}]}}