{"id":361136,"date":"2026-09-01T18:41:17","date_gmt":"2026-09-01T18:41:17","guid":{"rendered":"https:\/\/www.europesays.com\/se\/361136\/"},"modified":"2026-09-01T18:41:17","modified_gmt":"2026-09-01T18:41:17","slug":"dromflytten-spricker-isak-bjerkebo-stannar-i-sirius","status":"publish","type":"post","link":"https:\/\/www.europesays.com\/se\/361136\/","title":{"rendered":"Dr\u00f6mflytten spricker &#8211; Isak Bjerkebo stannar i Sirius"},"content":{"rendered":"<p>Isak Bjerkebo har sagts vara p\u00e5 v\u00e4g till PSV Eindhoven, Lazio, Parma, ACF Fiorentina, FC K\u00f6penhamn och hans tidigare lagkamrat Robbie Ures g\u00e4ng, Sevilla i La Liga. <a style=\"box-sizing: border-box; color: rgb(17, 85, 204); outline: none; cursor: pointer; transition: color 0.3s; touch-action: manipulation\" target=\"_blank\" href=\"https:\/\/www.aftonbladet.se\/sportbladet\/fotboll\/a\/5pM07K\/avslojar-isak-bjerkebos-overgang-till-sevilla-spricker-darfor-blir-inte-dromflytten-av\" rel=\"nofollow noopener\">Sportbladet <\/a>skriver att Sevilla kom med ett bud p\u00e5 stj\u00e4rnan i g\u00e5r, och IK Sirius var p\u00e5 v\u00e4g att acceptera det. <\/p>\n<p>Det var klappat och klart, men Sevilla f\u00e5r inte s\u00e5lt Ruben Vargas som skulle g\u00e5 till Olympiakos och d\u00e4rf\u00f6r spricker Isak Bjerkebos \u00f6verg\u00e5ng. <\/p>\n<p>Nu stannar han i IK Sirius under h\u00f6sten och ska jaga klubbens f\u00f6rsta SM-guld. Sevilla var hansa f\u00f6rstaval. <\/p>\n<p>Isak Bjerkebo har spelat f\u00f6r H\u00e4ssleholms IF, Malm\u00f6 FF, Kalmar FF, Sk\u00f6vde AIK och Varbergs BoIS tidigare. <\/p>\n<p><img decoding=\"async\" src=\"https:\/\/www.europesays.com\/se\/wp-content\/uploads\/2026\/09\/LIO2KbrzUjweHjI4GI0mV4BjcYWSNCtzhnabxJfY.png\"\/><\/p>\n<p>\u00c4r Isak Bjerkebo Allsvenskans b\u00e4sta spelare? <\/p>\n<p>Kommentera nedan! <\/p>\n","protected":false},"excerpt":{"rendered":"Isak Bjerkebo har sagts vara p\u00e5 v\u00e4g till PSV Eindhoven, Lazio, Parma, ACF Fiorentina, FC K\u00f6penhamn och hans&hellip;\n","protected":false},"author":2,"featured_media":361137,"comment_status":"","ping_status":"","sticky":false,"template":"","format":"standard","meta":{"footnotes":"","_share_on_mastodon":"0"},"categories":[68],"tags":[40830,159,558,40832,40145,40827,18535,40831,557,40829,34,160,40116,111,110,2222,40833,31,33,32,30,33983],"class_list":["post-361136","post","type-post","status-publish","format-standard","has-post-thumbnail","category-sport","tag-acf-fiorentina","tag-allsvenskan","tag-fc-kopenhamn","tag-hassleholms-if","tag-ik-sirius","tag-isak-bjerkebo","tag-kalmar-ff","tag-lazio","tag-malmo-ff","tag-parma","tag-se","tag-serie-a","tag-skovde-aik","tag-sport","tag-sports","tag-superettan","tag-superligan","tag-svenska","tag-sverige","tag-sweden","tag-swedish","tag-varbergs-bois"],"share_on_mastodon":{"url":"https:\/\/pubeurope.com\/@se\/117197254986860916","error":""},"_links":{"self":[{"href":"https:\/\/www.europesays.com\/se\/wp-json\/wp\/v2\/posts\/361136","targetHints":{"allow":["GET"]}}],"collection":[{"href":"https:\/\/www.europesays.com\/se\/wp-json\/wp\/v2\/posts"}],"about":[{"href":"https:\/\/www.europesays.com\/se\/wp-json\/wp\/v2\/types\/post"}],"author":[{"embeddable":true,"href":"https:\/\/www.europesays.com\/se\/wp-json\/wp\/v2\/users\/2"}],"replies":[{"embeddable":true,"href":"https:\/\/www.europesays.com\/se\/wp-json\/wp\/v2\/comments?post=361136"}],"version-history":[{"count":0,"href":"https:\/\/www.europesays.com\/se\/wp-json\/wp\/v2\/posts\/361136\/revisions"}],"wp:featuredmedia":[{"embeddable":true,"href":"https:\/\/www.europesays.com\/se\/wp-json\/wp\/v2\/media\/361137"}],"wp:attachment":[{"href":"https:\/\/www.europesays.com\/se\/wp-json\/wp\/v2\/media?parent=361136"}],"wp:term":[{"taxonomy":"category","embeddable":true,"href":"https:\/\/www.europesays.com\/se\/wp-json\/wp\/v2\/categories?post=361136"},{"taxonomy":"post_tag","embeddable":true,"href":"https:\/\/www.europesays.com\/se\/wp-json\/wp\/v2\/tags?post=361136"}],"curies":[{"name":"wp","href":"https:\/\/api.w.org\/{rel}","templated":true}]}}